{"id":253,"date":"2022-10-27T20:56:12","date_gmt":"2022-10-27T23:56:12","guid":{"rendered":"https:\/\/mixbrasil.org.br\/10\/?p=253"},"modified":"2022-10-27T20:56:12","modified_gmt":"2022-10-27T23:56:12","slug":"republica-dos-assassinos","status":"publish","type":"post","link":"https:\/\/mixbrasil.org.br\/10\/2022\/10\/27\/republica-dos-assassinos\/","title":{"rendered":"Rep\u00fablica dos Assassinos"},"content":{"rendered":"<p>(Faria Jr. 1979, Brasil, 35mm)<\/p>\n<p>Em 1970, os crimes do Esquadr\u00e3o da Morte, pelo requinte de viol\u00eancia, provocaram uma onda de rea\u00e7\u00f5es por todo o pa\u00eds. As fotos das v\u00edtimas, adornadas pela caveira, s\u00edmbolo do grupo, causaram uma inc\u00f4moda indigna\u00e7\u00e3o. Esta \u00e9 a hist\u00f3ria de Mateus Romeiro, o mais famoso dos policiais, que integrou o grupo dos Homens de A\u00e7o, uma das fac\u00e7\u00f5es em que se dividia o esquadr\u00e3o.<\/p>\n","protected":false},"excerpt":{"rendered":"<p>(Faria Jr. 1979, Brasil, 35mm) Em 1970, os crimes do Esquadr\u00e3o da Morte, pelo requinte de viol\u00eancia, provocaram uma onda de rea\u00e7\u00f5es por todo o pa\u00eds. As fotos das v\u00edtimas, adornadas pela caveira, s\u00edmbolo do grupo, causaram uma inc\u00f4moda indigna\u00e7\u00e3o. Esta \u00e9 a hist\u00f3ria de Mateus Romeiro, o mais famoso dos policiais, que integrou o [&hellip;]<\/p>\n","protected":false},"author":13,"featured_media":254,"comment_status":"open","ping_status":"closed","sticky":false,"template":"","format":"standard","meta":{"footnotes":""},"categories":[19,9],"tags":[],"class_list":{"0":"post-253","1":"post","2":"type-post","3":"status-publish","4":"format-standard","5":"has-post-thumbnail","7":"category-memoria-nacional","8":"category-retrospectivas"},"_links":{"self":[{"href":"https:\/\/mixbrasil.org.br\/10\/wp-json\/wp\/v2\/posts\/253","targetHints":{"allow":["GET"]}}],"collection":[{"href":"https:\/\/mixbrasil.org.br\/10\/wp-json\/wp\/v2\/posts"}],"about":[{"href":"https:\/\/mixbrasil.org.br\/10\/wp-json\/wp\/v2\/types\/post"}],"author":[{"embeddable":true,"href":"https:\/\/mixbrasil.org.br\/10\/wp-json\/wp\/v2\/users\/13"}],"replies":[{"embeddable":true,"href":"https:\/\/mixbrasil.org.br\/10\/wp-json\/wp\/v2\/comments?post=253"}],"version-history":[{"count":0,"href":"https:\/\/mixbrasil.org.br\/10\/wp-json\/wp\/v2\/posts\/253\/revisions"}],"wp:featuredmedia":[{"embeddable":true,"href":"https:\/\/mixbrasil.org.br\/10\/wp-json\/wp\/v2\/media\/254"}],"wp:attachment":[{"href":"https:\/\/mixbrasil.org.br\/10\/wp-json\/wp\/v2\/media?parent=253"}],"wp:term":[{"taxonomy":"category","embeddable":true,"href":"https:\/\/mixbrasil.org.br\/10\/wp-json\/wp\/v2\/categories?post=253"},{"taxonomy":"post_tag","embeddable":true,"href":"https:\/\/mixbrasil.org.br\/10\/wp-json\/wp\/v2\/tags?post=253"}],"curies":[{"name":"wp","href":"https:\/\/api.w.org\/{rel}","templated":true}]}}