{"id":275,"date":"2022-10-27T21:15:42","date_gmt":"2022-10-28T00:15:42","guid":{"rendered":"https:\/\/mixbrasil.org.br\/10\/?p=275"},"modified":"2022-10-27T21:15:42","modified_gmt":"2022-10-28T00:15:42","slug":"dama-da-noite-2002-remixed","status":"publish","type":"post","link":"https:\/\/mixbrasil.org.br\/10\/2022\/10\/27\/dama-da-noite-2002-remixed\/","title":{"rendered":"Dama da Noite 2002 Remixed"},"content":{"rendered":"<p>Texto: Caio Fernando Abreu<br \/>\nDire\u00e7\u00e3o e Atua\u00e7\u00e3o: Gilberto Gawronski<br \/>\nVisagismo e co-dire\u00e7\u00e3o: H\u00e9lio Dias<br \/>\nCen\u00e1rio: Cl\u00e1udia Moraes<br \/>\nV\u00eddeo: Vica Nabuco<br \/>\nIlumina\u00e7\u00e3o: Paulo C\u00e9sar Medeiros<br \/>\nFigurino: Marcela Virzi<br \/>\nProdu\u00e7\u00e3o: Neco Fx<\/p>\n<p>Depois de rodas, rodar e rodar pelos palcos e ter se transportado para as telas do mundo afora, Dana Avalon desce (literlamente) da tela para o palco do CCBB\/SP para nos contar mais um pouco de sua experi\u00eancia de vida, seus (nossos?) prazeres, suas dores, sua rebeldia, seus amores e sua solid\u00e3o&#8230;Caio Fernando Abreu, quando escreveu este conto em 1986, captou com profunda sensibilidade a ess\u00eancia, a imagem e por que n\u00e3o dizer a alma e principalmente os conflitos e medos de uma gera\u00e7\u00e3o e uma \u00e9poca que aparentemente continua rodando por a\u00ed!<\/p>\n<p>Gilberto Gawronski, ap\u00f3s arrebatar v\u00e1rios pr\u00eamios em festivais de teatro e cinema (Mix99), continua nos emocionando com sua excelente e instigante interpreta\u00e7\u00e3o..Dana Avalon mais madura, de roupa nova est\u00e1 de volta, como em um \u00e1lbum de retratos, mem\u00f3rias, imagens de sua longa trajet\u00f3ria, para nos lembrar que o mundo n\u00e3o mudou tanto assim.<\/p>\n","protected":false},"excerpt":{"rendered":"<p>Texto: Caio Fernando Abreu Dire\u00e7\u00e3o e Atua\u00e7\u00e3o: Gilberto Gawronski Visagismo e co-dire\u00e7\u00e3o: H\u00e9lio Dias Cen\u00e1rio: Cl\u00e1udia Moraes V\u00eddeo: Vica Nabuco Ilumina\u00e7\u00e3o: Paulo C\u00e9sar Medeiros Figurino: Marcela Virzi Produ\u00e7\u00e3o: Neco Fx Depois de rodas, rodar e rodar pelos palcos e ter se transportado para as telas do mundo afora, Dana Avalon desce (literlamente) da tela para [&hellip;]<\/p>\n","protected":false},"author":13,"featured_media":276,"comment_status":"open","ping_status":"closed","sticky":false,"template":"","format":"standard","meta":{"footnotes":""},"categories":[12],"tags":[],"class_list":{"0":"post-275","1":"post","2":"type-post","3":"status-publish","4":"format-standard","5":"has-post-thumbnail","7":"category-teatro"},"_links":{"self":[{"href":"https:\/\/mixbrasil.org.br\/10\/wp-json\/wp\/v2\/posts\/275","targetHints":{"allow":["GET"]}}],"collection":[{"href":"https:\/\/mixbrasil.org.br\/10\/wp-json\/wp\/v2\/posts"}],"about":[{"href":"https:\/\/mixbrasil.org.br\/10\/wp-json\/wp\/v2\/types\/post"}],"author":[{"embeddable":true,"href":"https:\/\/mixbrasil.org.br\/10\/wp-json\/wp\/v2\/users\/13"}],"replies":[{"embeddable":true,"href":"https:\/\/mixbrasil.org.br\/10\/wp-json\/wp\/v2\/comments?post=275"}],"version-history":[{"count":0,"href":"https:\/\/mixbrasil.org.br\/10\/wp-json\/wp\/v2\/posts\/275\/revisions"}],"wp:featuredmedia":[{"embeddable":true,"href":"https:\/\/mixbrasil.org.br\/10\/wp-json\/wp\/v2\/media\/276"}],"wp:attachment":[{"href":"https:\/\/mixbrasil.org.br\/10\/wp-json\/wp\/v2\/media?parent=275"}],"wp:term":[{"taxonomy":"category","embeddable":true,"href":"https:\/\/mixbrasil.org.br\/10\/wp-json\/wp\/v2\/categories?post=275"},{"taxonomy":"post_tag","embeddable":true,"href":"https:\/\/mixbrasil.org.br\/10\/wp-json\/wp\/v2\/tags?post=275"}],"curies":[{"name":"wp","href":"https:\/\/api.w.org\/{rel}","templated":true}]}}