{"id":98,"date":"2022-10-25T03:37:59","date_gmt":"2022-10-25T03:37:59","guid":{"rendered":"https:\/\/mixbrasil.org.br\/12\/?p=98"},"modified":"2022-10-25T03:37:59","modified_gmt":"2022-10-25T03:37:59","slug":"o-vento-na-noite","status":"publish","type":"post","link":"https:\/\/mixbrasil.org.br\/12\/2022\/10\/25\/o-vento-na-noite\/","title":{"rendered":"O Vento na Noite"},"content":{"rendered":"<p>(Andrea Adriatico, 2004, It\u00e1lia, 35mm, 92 min)<\/p>\n<p>Elenco: Corso Salani, Francesca Mazza, Fabio Valletta, Sergio Romano, Paolo Porto<br \/>\nRoteiro: Stefano Casi &amp; Andrea Adriatico<br \/>\nProdu\u00e7\u00e3o: Teatridvita<br \/>\nFotografia: Gigi Martinucci<br \/>\nMontagem: Roberto Passuti<br \/>\nM\u00fasica: Roberto Passuti<\/p>\n<p>Paolo espera por seu parceiro Luca enquanto Marco volta de bicicleta para casa. Marco \u00e9 alvejado quando est\u00e1 entrando em casa. Luca, uma inocente testemunha, leva um tiro nas costas. Ao saber que Luca levou um tiro, Paolo fica desconcertado e, ao chegar ao hospital, \u00e9 impedido de v\u00ea-lo por n\u00e3o ser &#8220;da fam\u00edlia&#8221;. Paolo come\u00e7a a vagar pela numa intermin\u00e1vel e solit\u00e1ria noite.<\/p>\n","protected":false},"excerpt":{"rendered":"<p>(Andrea Adriatico, 2004, It\u00e1lia, 35mm, 92 min) Elenco: Corso Salani, Francesca Mazza, Fabio Valletta, Sergio Romano, Paolo Porto Roteiro: Stefano Casi &amp; Andrea Adriatico Produ\u00e7\u00e3o: Teatridvita Fotografia: Gigi Martinucci Montagem: Roberto Passuti M\u00fasica: Roberto Passuti Paolo espera por seu parceiro Luca enquanto Marco volta de bicicleta para casa. Marco \u00e9 alvejado quando est\u00e1 entrando em [&hellip;]<\/p>\n","protected":false},"author":13,"featured_media":99,"comment_status":"open","ping_status":"closed","sticky":false,"template":"","format":"standard","meta":{"footnotes":""},"categories":[13],"tags":[],"class_list":{"0":"post-98","1":"post","2":"type-post","3":"status-publish","4":"format-standard","5":"has-post-thumbnail","7":"category-panorama-internacional"},"_links":{"self":[{"href":"https:\/\/mixbrasil.org.br\/12\/wp-json\/wp\/v2\/posts\/98","targetHints":{"allow":["GET"]}}],"collection":[{"href":"https:\/\/mixbrasil.org.br\/12\/wp-json\/wp\/v2\/posts"}],"about":[{"href":"https:\/\/mixbrasil.org.br\/12\/wp-json\/wp\/v2\/types\/post"}],"author":[{"embeddable":true,"href":"https:\/\/mixbrasil.org.br\/12\/wp-json\/wp\/v2\/users\/13"}],"replies":[{"embeddable":true,"href":"https:\/\/mixbrasil.org.br\/12\/wp-json\/wp\/v2\/comments?post=98"}],"version-history":[{"count":0,"href":"https:\/\/mixbrasil.org.br\/12\/wp-json\/wp\/v2\/posts\/98\/revisions"}],"wp:featuredmedia":[{"embeddable":true,"href":"https:\/\/mixbrasil.org.br\/12\/wp-json\/wp\/v2\/media\/99"}],"wp:attachment":[{"href":"https:\/\/mixbrasil.org.br\/12\/wp-json\/wp\/v2\/media?parent=98"}],"wp:term":[{"taxonomy":"category","embeddable":true,"href":"https:\/\/mixbrasil.org.br\/12\/wp-json\/wp\/v2\/categories?post=98"},{"taxonomy":"post_tag","embeddable":true,"href":"https:\/\/mixbrasil.org.br\/12\/wp-json\/wp\/v2\/tags?post=98"}],"curies":[{"name":"wp","href":"https:\/\/api.w.org\/{rel}","templated":true}]}}