{"id":527,"date":"2022-11-04T16:05:18","date_gmt":"2022-11-04T16:05:18","guid":{"rendered":"https:\/\/mixbrasil.org.br\/15\/?p=527"},"modified":"2022-11-04T16:05:18","modified_gmt":"2022-11-04T16:05:18","slug":"69-praca-da-luz","status":"publish","type":"post","link":"https:\/\/mixbrasil.org.br\/15\/2022\/11\/04\/69-praca-da-luz\/","title":{"rendered":"69 &#8211; Pra\u00e7a da Luz"},"content":{"rendered":"<p>(2007 &#8211; DVD &#8211; 21 min)<\/p>\n<p>DIRE\u00c7\u00c3O: Joana Galv\u00e3o<br \/>\nROTEIRO: Joana Galv\u00e3o e Carolina Markowicz<br \/>\nASSIST\u00caNCIA DE DIRE\u00c7\u00c3O: Fabio Barbato<br \/>\nPRODU\u00c7\u00c3O EXECUTIVA: Carolina Marcowicz<\/p>\n<p>Um relato sobre a hist\u00f3ria de vida das velhas prostitutas que trabalham at\u00e9 hoje na Pra\u00e7a da Luz, em S\u00e3o Paulo. A narrativa dessas cinco mulheres revelar\u00e1 em detalhes algumas experi\u00eancias dram\u00e1ticas e todo o estilo de vida adotado por elas nesses anos de profiss\u00e3o.<\/p>\n","protected":false},"excerpt":{"rendered":"<p>(2007 &#8211; DVD &#8211; 21 min) DIRE\u00c7\u00c3O: Joana Galv\u00e3o ROTEIRO: Joana Galv\u00e3o e Carolina Markowicz ASSIST\u00caNCIA DE DIRE\u00c7\u00c3O: Fabio Barbato PRODU\u00c7\u00c3O EXECUTIVA: Carolina Marcowicz Um relato sobre a hist\u00f3ria de vida das velhas prostitutas que trabalham at\u00e9 hoje na Pra\u00e7a da Luz, em S\u00e3o Paulo. A narrativa dessas cinco mulheres revelar\u00e1 em detalhes algumas experi\u00eancias [&hellip;]<\/p>\n","protected":false},"author":13,"featured_media":528,"comment_status":"open","ping_status":"closed","sticky":false,"template":"","format":"standard","meta":{"footnotes":""},"categories":[13],"tags":[],"class_list":{"0":"post-527","1":"post","2":"type-post","3":"status-publish","4":"format-standard","5":"has-post-thumbnail","7":"category-mostra-competitiva"},"_links":{"self":[{"href":"https:\/\/mixbrasil.org.br\/15\/wp-json\/wp\/v2\/posts\/527","targetHints":{"allow":["GET"]}}],"collection":[{"href":"https:\/\/mixbrasil.org.br\/15\/wp-json\/wp\/v2\/posts"}],"about":[{"href":"https:\/\/mixbrasil.org.br\/15\/wp-json\/wp\/v2\/types\/post"}],"author":[{"embeddable":true,"href":"https:\/\/mixbrasil.org.br\/15\/wp-json\/wp\/v2\/users\/13"}],"replies":[{"embeddable":true,"href":"https:\/\/mixbrasil.org.br\/15\/wp-json\/wp\/v2\/comments?post=527"}],"version-history":[{"count":0,"href":"https:\/\/mixbrasil.org.br\/15\/wp-json\/wp\/v2\/posts\/527\/revisions"}],"wp:featuredmedia":[{"embeddable":true,"href":"https:\/\/mixbrasil.org.br\/15\/wp-json\/wp\/v2\/media\/528"}],"wp:attachment":[{"href":"https:\/\/mixbrasil.org.br\/15\/wp-json\/wp\/v2\/media?parent=527"}],"wp:term":[{"taxonomy":"category","embeddable":true,"href":"https:\/\/mixbrasil.org.br\/15\/wp-json\/wp\/v2\/categories?post=527"},{"taxonomy":"post_tag","embeddable":true,"href":"https:\/\/mixbrasil.org.br\/15\/wp-json\/wp\/v2\/tags?post=527"}],"curies":[{"name":"wp","href":"https:\/\/api.w.org\/{rel}","templated":true}]}}