{"id":276,"date":"2022-11-03T03:51:47","date_gmt":"2022-11-03T06:51:47","guid":{"rendered":"https:\/\/mixbrasil.org.br\/16\/?p=276"},"modified":"2022-11-03T03:51:47","modified_gmt":"2022-11-03T06:51:47","slug":"alondra-diario-de-uma-transexual","status":"publish","type":"post","link":"https:\/\/mixbrasil.org.br\/16\/2022\/11\/03\/alondra-diario-de-uma-transexual\/","title":{"rendered":"Alondra: Di\u00e1rio de Uma Transexual"},"content":{"rendered":"<p>(Espanha &#8211; 2006 &#8211; 78 min)<\/p>\n<p>DIRE\u00c7\u00c3O: Carles Porta, Danielle Schleif<\/p>\n<p>Alberto \u00e9 jovem, bonito, pobre, imigrante, prostituta e transexual. H\u00e1 seis meses ele tem filmado praticamente tudo do seu dia-a-dia, de forma confessional. Aos 17 fugiu da Venezuela como um garoto. Ele mora e trabalha h\u00e1 anos na Espanha. Agora viajar\u00e1 \u00e0 Tail\u00e2ndia, onde completar\u00e1 sua cirurgia de mudan\u00e7a de sexo, descobrindo-se mulher aos 25 anos.\u00a0 Nasce ent\u00e3o Alondra. Em seguida, ela viajar\u00e1 a Nova York, onde sua fam\u00edlia agora reside. Ser\u00e1 a primeira vez que eles v\u00e3o v\u00ea-la como mulher. O filme mostra a batalha interna de Alondra para aceitar uma pessoa que desde a inf\u00e2ncia se sentiu tra\u00edda por seu corpo e que precisou de muita coragem para tomar a decis\u00e3o radical de mud\u00e1-lo e assim sair da encruzilhada em que se encontrava. Recorrendo apenas a imagens registradas pela pr\u00f3pria Alondra, com sua t\u00e9cnica toda particular, o filme tem um resultado visual surpreendente.<\/p>\n","protected":false},"excerpt":{"rendered":"<p>(Espanha &#8211; 2006 &#8211; 78 min) DIRE\u00c7\u00c3O: Carles Porta, Danielle Schleif Alberto \u00e9 jovem, bonito, pobre, imigrante, prostituta e transexual. H\u00e1 seis meses ele tem filmado praticamente tudo do seu dia-a-dia, de forma confessional. Aos 17 fugiu da Venezuela como um garoto. Ele mora e trabalha h\u00e1 anos na Espanha. Agora viajar\u00e1 \u00e0 Tail\u00e2ndia, onde [&hellip;]<\/p>\n","protected":false},"author":12,"featured_media":278,"comment_status":"open","ping_status":"closed","sticky":false,"template":"","format":"standard","meta":{"footnotes":""},"categories":[14],"tags":[],"class_list":{"0":"post-276","1":"post","2":"type-post","3":"status-publish","4":"format-standard","5":"has-post-thumbnail","7":"category-retrato-falado"},"_links":{"self":[{"href":"https:\/\/mixbrasil.org.br\/16\/wp-json\/wp\/v2\/posts\/276","targetHints":{"allow":["GET"]}}],"collection":[{"href":"https:\/\/mixbrasil.org.br\/16\/wp-json\/wp\/v2\/posts"}],"about":[{"href":"https:\/\/mixbrasil.org.br\/16\/wp-json\/wp\/v2\/types\/post"}],"author":[{"embeddable":true,"href":"https:\/\/mixbrasil.org.br\/16\/wp-json\/wp\/v2\/users\/12"}],"replies":[{"embeddable":true,"href":"https:\/\/mixbrasil.org.br\/16\/wp-json\/wp\/v2\/comments?post=276"}],"version-history":[{"count":0,"href":"https:\/\/mixbrasil.org.br\/16\/wp-json\/wp\/v2\/posts\/276\/revisions"}],"wp:featuredmedia":[{"embeddable":true,"href":"https:\/\/mixbrasil.org.br\/16\/wp-json\/wp\/v2\/media\/278"}],"wp:attachment":[{"href":"https:\/\/mixbrasil.org.br\/16\/wp-json\/wp\/v2\/media?parent=276"}],"wp:term":[{"taxonomy":"category","embeddable":true,"href":"https:\/\/mixbrasil.org.br\/16\/wp-json\/wp\/v2\/categories?post=276"},{"taxonomy":"post_tag","embeddable":true,"href":"https:\/\/mixbrasil.org.br\/16\/wp-json\/wp\/v2\/tags?post=276"}],"curies":[{"name":"wp","href":"https:\/\/api.w.org\/{rel}","templated":true}]}}