{"id":34,"date":"2022-11-02T13:09:03","date_gmt":"2022-11-02T16:09:03","guid":{"rendered":"https:\/\/mixbrasil.org.br\/16\/?p=34"},"modified":"2022-11-02T13:09:03","modified_gmt":"2022-11-02T16:09:03","slug":"phedra","status":"publish","type":"post","link":"https:\/\/mixbrasil.org.br\/16\/2022\/11\/02\/phedra\/","title":{"rendered":"Phedra"},"content":{"rendered":"<p>(Brasil\/SP &#8211; 2008 &#8211; 13 min)<\/p>\n<p><strong>DIRE\u00c7\u00c3O:<\/strong> Cl\u00e1udia Priscilla<br \/>\n<strong>PRODU\u00c7\u00c3O:<\/strong> Beto Tibiri\u00e7\u00e1, Jurandir M\u00fcller<br \/>\n<strong>ROTEIRO:<\/strong> Cl\u00e1udia Priscilla, Kiko Goiffman<br \/>\n<strong>FOTOGRAFIA:<\/strong> Diego Gozze, Kiko Goiman<br \/>\n<strong>MONTAGEM:<\/strong> Diego Gozze<br \/>\n<strong>DESENHO DE SOM:<\/strong> L\u00edvio Tragtenberg<\/p>\n<p>Document\u00e1rio sobre a atriz Phedra de C\u00f3rdoba, cubana e transeuxal que vive no centro de S\u00e3o Paulo.<\/p>\n","protected":false},"excerpt":{"rendered":"<p>(Brasil\/SP &#8211; 2008 &#8211; 13 min) DIRE\u00c7\u00c3O: Cl\u00e1udia Priscilla PRODU\u00c7\u00c3O: Beto Tibiri\u00e7\u00e1, Jurandir M\u00fcller ROTEIRO: Cl\u00e1udia Priscilla, Kiko Goiffman FOTOGRAFIA: Diego Gozze, Kiko Goiman MONTAGEM: Diego Gozze DESENHO DE SOM: L\u00edvio Tragtenberg Document\u00e1rio sobre a atriz Phedra de C\u00f3rdoba, cubana e transeuxal que vive no centro de S\u00e3o Paulo.<\/p>\n","protected":false},"author":12,"featured_media":35,"comment_status":"open","ping_status":"closed","sticky":false,"template":"","format":"standard","meta":{"footnotes":""},"categories":[10],"tags":[],"class_list":{"0":"post-34","1":"post","2":"type-post","3":"status-publish","4":"format-standard","5":"has-post-thumbnail","7":"category-mostra-competitiva-brasil-1"},"_links":{"self":[{"href":"https:\/\/mixbrasil.org.br\/16\/wp-json\/wp\/v2\/posts\/34","targetHints":{"allow":["GET"]}}],"collection":[{"href":"https:\/\/mixbrasil.org.br\/16\/wp-json\/wp\/v2\/posts"}],"about":[{"href":"https:\/\/mixbrasil.org.br\/16\/wp-json\/wp\/v2\/types\/post"}],"author":[{"embeddable":true,"href":"https:\/\/mixbrasil.org.br\/16\/wp-json\/wp\/v2\/users\/12"}],"replies":[{"embeddable":true,"href":"https:\/\/mixbrasil.org.br\/16\/wp-json\/wp\/v2\/comments?post=34"}],"version-history":[{"count":0,"href":"https:\/\/mixbrasil.org.br\/16\/wp-json\/wp\/v2\/posts\/34\/revisions"}],"wp:featuredmedia":[{"embeddable":true,"href":"https:\/\/mixbrasil.org.br\/16\/wp-json\/wp\/v2\/media\/35"}],"wp:attachment":[{"href":"https:\/\/mixbrasil.org.br\/16\/wp-json\/wp\/v2\/media?parent=34"}],"wp:term":[{"taxonomy":"category","embeddable":true,"href":"https:\/\/mixbrasil.org.br\/16\/wp-json\/wp\/v2\/categories?post=34"},{"taxonomy":"post_tag","embeddable":true,"href":"https:\/\/mixbrasil.org.br\/16\/wp-json\/wp\/v2\/tags?post=34"}],"curies":[{"name":"wp","href":"https:\/\/api.w.org\/{rel}","templated":true}]}}