{"id":96,"date":"2022-10-28T22:09:58","date_gmt":"2022-10-29T01:09:58","guid":{"rendered":"https:\/\/mixbrasil.org.br\/2\/?p=96"},"modified":"2022-10-28T22:09:58","modified_gmt":"2022-10-29T01:09:58","slug":"observando-a-sexualidade-em-cuba","status":"publish","type":"post","link":"https:\/\/mixbrasil.org.br\/2\/2022\/10\/28\/observando-a-sexualidade-em-cuba\/","title":{"rendered":"Observando a Sexualidade em Cuba"},"content":{"rendered":"<p>PROGRAMA CURADO POR RA\u00daL FERRERA-BALANQUET, CHICAGO<\/p>\n<p>A Escuela International de Cine y Television em Cuba abriu novas portas para as comunidades gays e l\u00e9sbicas cubanas. Os trabalhos aqui apresentados s\u00e3o uma an\u00e1lise da intera\u00e7\u00e3o dos artistas, que vieram estudar em Cuba, com o espectro s\u00f3cio-sexual na sociedade cubana. Gays indo para a cadeia por serem gays, instabilidade nos relacionamentos, l\u00e9sbicas vestidas de homem correndo pelas ruas de Havana, e a rela\u00e7\u00e3o sado-masoquista estabelecida numa escola prim\u00e1ria cubana s\u00e3o alguns dos t\u00f3picos representados pelos artistas. Gostaria de agradecer a David Olivares, de S\u00e3o Francisco, pela sua contribu\u00e7\u00e3o na pesquisa para este programa.<\/p>\n<p><strong>SOLOS Y SOLEDADES<\/strong><br \/>\n(Javier Barrios, 1991, Cuba, 16mm, 16 min)<\/p>\n<p>Ap\u00f3s encontro com um rapaz dentro de um \u00f4nibus, Ernesto relata como foi parar na cadeia. Mais tarde, quando ele decide ir ao banheiro p\u00fablico o filme toma outro caminho. Espanhol.<\/p>\n<p><strong>EN EL BALCON<\/strong><br \/>\n(Humberto Velez, 1991, Cuba, V\u00eddeo, 8 min)<\/p>\n<p>Olhar para fora \u00e9 como um olhar reflexivo para dentro de si mesmo durante encontro entre dois homens. Dist\u00e2ncia, desespero, linguagem corporal e ruptura s\u00e3o os temas deste trabalho. Espanhol.<\/p>\n<p><strong>VIA SOUR<\/strong><br \/>\n(Pascual Onego Sanchez, 1991, Cuba, V\u00eddeo, 12 min)<\/p>\n<p>Uma velha casa \u00e9 o local onde tr\u00eas irm\u00e3s confrontam a hist\u00f3ria da fam\u00edlia e de suas sexualidades individuais. Espanhol.<\/p>\n<p><strong>NO PORQUE LO DIGA FIDEL CASTRO<\/strong><br \/>\n(Graciela Sanchez, 1988, Cuba, V\u00eddeo, 13 min)<\/p>\n<p>Uma investiga\u00e7\u00e3o da situa\u00e7\u00e3o dos gays e l\u00e9sbicas dentro do contexto cubano. Espanhol.<\/p>\n<p><strong>ENTRE STALLIN Y UN HOMBRE DESNUDO<\/strong><br \/>\n(A. Sotto Diaz, 1991, Cuba, V\u00eddeo, 10 min)<\/p>\n<p>O desejo deprimido volta quando o personagem central v\u00ea outros homem tomando banho. Espanhol.<\/p>\n","protected":false},"excerpt":{"rendered":"<p>PROGRAMA CURADO POR RA\u00daL FERRERA-BALANQUET, CHICAGO A Escuela International de Cine y Television em Cuba abriu novas portas para as comunidades gays e l\u00e9sbicas cubanas. Os trabalhos aqui apresentados s\u00e3o uma an\u00e1lise da intera\u00e7\u00e3o dos artistas, que vieram estudar em Cuba, com o espectro s\u00f3cio-sexual na sociedade cubana. Gays indo para a cadeia por serem [&hellip;]<\/p>\n","protected":false},"author":12,"featured_media":0,"comment_status":"open","ping_status":"closed","sticky":false,"template":"","format":"standard","meta":{"footnotes":""},"categories":[3],"tags":[],"class_list":{"0":"post-96","1":"post","2":"type-post","3":"status-publish","4":"format-standard","6":"category-curtas-medias-metragens"},"_links":{"self":[{"href":"https:\/\/mixbrasil.org.br\/2\/wp-json\/wp\/v2\/posts\/96","targetHints":{"allow":["GET"]}}],"collection":[{"href":"https:\/\/mixbrasil.org.br\/2\/wp-json\/wp\/v2\/posts"}],"about":[{"href":"https:\/\/mixbrasil.org.br\/2\/wp-json\/wp\/v2\/types\/post"}],"author":[{"embeddable":true,"href":"https:\/\/mixbrasil.org.br\/2\/wp-json\/wp\/v2\/users\/12"}],"replies":[{"embeddable":true,"href":"https:\/\/mixbrasil.org.br\/2\/wp-json\/wp\/v2\/comments?post=96"}],"version-history":[{"count":0,"href":"https:\/\/mixbrasil.org.br\/2\/wp-json\/wp\/v2\/posts\/96\/revisions"}],"wp:attachment":[{"href":"https:\/\/mixbrasil.org.br\/2\/wp-json\/wp\/v2\/media?parent=96"}],"wp:term":[{"taxonomy":"category","embeddable":true,"href":"https:\/\/mixbrasil.org.br\/2\/wp-json\/wp\/v2\/categories?post=96"},{"taxonomy":"post_tag","embeddable":true,"href":"https:\/\/mixbrasil.org.br\/2\/wp-json\/wp\/v2\/tags?post=96"}],"curies":[{"name":"wp","href":"https:\/\/api.w.org\/{rel}","templated":true}]}}