{"id":25,"count":4,"description":"A tens\u00e3o est\u00e1 no ar: nestes curtas, emo\u00e7\u00e3o, fatalidades, trag\u00e9dias - e tamb\u00e9m os mais puros melodramas.\n<strong>12\/11 (sex) - 18h - MIS<\/strong>\n<strong>Exibi\u00e7\u00e3o online: de 11\/11 a 21\/11<\/strong>","link":"https:\/\/mixbrasil.org.br\/29\/categoria\/festival-mix-brasil-2021\/cinema-festival-mix-brasil-2021\/curtas-cinema-festival-mix-brasil-2021\/curtas-climao-geral-sentiu\/","name":"Curtas: CLIM\u00c3O, GERAL SENTIU","slug":"curtas-climao-geral-sentiu","taxonomy":"category","parent":21,"meta":[],"_links":{"self":[{"href":"https:\/\/mixbrasil.org.br\/29\/wp-json\/wp\/v2\/categories\/25","targetHints":{"allow":["GET"]}}],"collection":[{"href":"https:\/\/mixbrasil.org.br\/29\/wp-json\/wp\/v2\/categories"}],"about":[{"href":"https:\/\/mixbrasil.org.br\/29\/wp-json\/wp\/v2\/taxonomies\/category"}],"up":[{"embeddable":true,"href":"https:\/\/mixbrasil.org.br\/29\/wp-json\/wp\/v2\/categories\/21"}],"wp:post_type":[{"href":"https:\/\/mixbrasil.org.br\/29\/wp-json\/wp\/v2\/posts?categories=25"}],"curies":[{"name":"wp","href":"https:\/\/api.w.org\/{rel}","templated":true}]}}