{"id":7389,"date":"2021-11-02T23:45:40","date_gmt":"2021-11-03T02:45:40","guid":{"rendered":"https:\/\/mixbrasilalterar1.websiteseguro.com\/?p=7389"},"modified":"2021-11-02T23:45:40","modified_gmt":"2021-11-03T02:45:40","slug":"abertura","status":"publish","type":"post","link":"https:\/\/mixbrasil.org.br\/29\/abertura\/","title":{"rendered":"Abertura"},"content":{"rendered":"<p style=\"text-align: justify\">O 29\u00ba Festival MixBrasil transcorre em plena retomada das atividades presenciais, com boa parte de sua programa\u00e7\u00e3o acontecendo em seis salas espalhadas pela cidade de S\u00e3o Paulo. Outra boa parte se mant\u00e9m on-line, pois a pandemia j\u00e1 evidenciou que o modelo h\u00edbrido ser\u00e1 a regra no mundo.<\/p>\n<p style=\"text-align: justify\">Reconquistamos o conv\u00edvio p\u00fablico \u2013 seguindo todos os protocolos sanit\u00e1rios \u2013, mas mantendo o acesso ampliado e democr\u00e1tico aos filmes, espet\u00e1culos, shows, palestras e workshops, algo que s\u00f3 \u00e9 poss\u00edvel atrav\u00e9s das plataformas digitais. Foi por meio delas que no ano passado conseguimos mais do que triplicar o n\u00famero de pessoas que frequentaram a programa\u00e7\u00e3o do Mix Brasil.<\/p>\n<p style=\"text-align: justify\">Para o festival deste ano buscamos trazer uma mensagem de movimento, resist\u00eancia e cura possibilitados pela express\u00e3o de nossas vozes na produ\u00e7\u00e3o cultural. Nossa pr\u00f3pria exist\u00eancia enquanto pessoas LGBTQIA+ \u00e9 pol\u00edtica. Sendo assim, o tema &#8220;Cultura da Diversidade. Presente&#8221;, criado pelos nossos parceiros da Isobar, condensa o trabalho realizado pela nossa brava equipe, pelos tantos talentos que participam desta edi\u00e7\u00e3o e por todes que produzem e consomem cultura nesses tempos t\u00e3o dif\u00edceis. Nosso \u00cdcone Mix 2021, Ney Matogrosso, traduz em seu corpo essa viv\u00eancia que, h\u00e1 80 anos, se manifesta acima de qualquer r\u00f3tulo e continua nos inspirando a seguir em frente.<\/p>\n<p style=\"text-align: justify\">A programa\u00e7\u00e3o est\u00e1 incr\u00edvel como sempre e madura como nunca. Garimpamos filmes premiados nos principais festivais do mundo com exibi\u00e7\u00e3o exclusiva, apresentamos a estreia de espet\u00e1culos desenvolvidos em resid\u00eancias art\u00edsticas no Dram\u00e1tica, em parceria com o Centro Cultural da Diversidade, trazemos novas pistas de reflex\u00e3o para nossa comunidade no Mix Liter\u00e1rio, Mix Talks e Mix Lab, e revelamos novos talentos no Mix Music. Mantemos tamb\u00e9m tradi\u00e7\u00f5es, como o inomin\u00e1vel Show do Gongo, apresentado por Marisa Orth, \u00fanico evento do Mix Brasil que se mant\u00e9m 100% off-line.<\/p>\n<p style=\"text-align: justify\">S\u00e3o muitos os desafios colocados pelos continuados ataques \u00e0 cultura e \u00e0s popula\u00e7\u00f5es minorizadas no Brasil, pelas justas demandas pautadas nos debates antiopress\u00f5es e pela nova realidade tecnol\u00f3gica e econ\u00f4mica que transforma radicalmente as ind\u00fastrias do audiovisual e do entretenimento. Por isso, come\u00e7amos \u2013 mesmo antes desta presente edi\u00e7\u00e3o \u2013 a pensar e planejar as novas possibilidades e formatos de programar, exibir, assistir e participar da exibi\u00e7\u00e3o de longas, curtas, s\u00e9ries, pe\u00e7as, shows, palestras e encontros, que se consolidar\u00e3o no ano que vem em nosso anivers\u00e1rio de 30 anos.<\/p>\n<p style=\"text-align: justify\">Nossa plataforma Mix Brasil Play mant\u00e9m durante o ano um acervo crescente de todo tipo conte\u00fado \u2013 e crescer\u00e1 em breve com produ\u00e7\u00e3o de material pr\u00f3prio.<\/p>\n<p style=\"text-align: justify\">Neste ano conseguimos fazer isso tudo com a fundamental renova\u00e7\u00e3o da parceria com Mercado Livre, Ita\u00fa, Spcine e Sesc SP, e outros estimados parceiros e apoiadores.<\/p>\n<p style=\"text-align: justify\">Passadas quase tr\u00eas d\u00e9cadas, o Festival Mix Brasil segue sendo aquele momento do ano para nos encontrarmos e pensarmos juntes sobre a constru\u00e7\u00e3o de um mundo onde toda maneira de ser e de amar \u00e9 respeitada e valorizada.<\/p>\n<p style=\"text-align: justify\">Cultura da Diversidade. Presente!<\/p>\n","protected":false},"excerpt":{"rendered":"<p>O 29\u00ba Festival MixBrasil transcorre em plena retomada das atividades presenciais, com boa parte de sua programa\u00e7\u00e3o acontecendo em seis salas espalhadas pela cidade de S\u00e3o Paulo. Outra boa parte se mant\u00e9m on-line, pois a pandemia j\u00e1 evidenciou que o modelo h\u00edbrido ser\u00e1 a regra no mundo. Reconquistamos o conv\u00edvio p\u00fablico \u2013 seguindo todos os [&hellip;]<\/p>\n","protected":false},"author":12,"featured_media":8732,"comment_status":"open","ping_status":"closed","sticky":false,"template":"","format":"standard","meta":{"footnotes":""},"categories":[4],"tags":[],"class_list":{"0":"post-7389","1":"post","2":"type-post","3":"status-publish","4":"format-standard","5":"has-post-thumbnail","7":"category-festival-mix-brasil-2021"},"_links":{"self":[{"href":"https:\/\/mixbrasil.org.br\/29\/wp-json\/wp\/v2\/posts\/7389","targetHints":{"allow":["GET"]}}],"collection":[{"href":"https:\/\/mixbrasil.org.br\/29\/wp-json\/wp\/v2\/posts"}],"about":[{"href":"https:\/\/mixbrasil.org.br\/29\/wp-json\/wp\/v2\/types\/post"}],"author":[{"embeddable":true,"href":"https:\/\/mixbrasil.org.br\/29\/wp-json\/wp\/v2\/users\/12"}],"replies":[{"embeddable":true,"href":"https:\/\/mixbrasil.org.br\/29\/wp-json\/wp\/v2\/comments?post=7389"}],"version-history":[{"count":0,"href":"https:\/\/mixbrasil.org.br\/29\/wp-json\/wp\/v2\/posts\/7389\/revisions"}],"wp:featuredmedia":[{"embeddable":true,"href":"https:\/\/mixbrasil.org.br\/29\/wp-json\/wp\/v2\/media\/8732"}],"wp:attachment":[{"href":"https:\/\/mixbrasil.org.br\/29\/wp-json\/wp\/v2\/media?parent=7389"}],"wp:term":[{"taxonomy":"category","embeddable":true,"href":"https:\/\/mixbrasil.org.br\/29\/wp-json\/wp\/v2\/categories?post=7389"},{"taxonomy":"post_tag","embeddable":true,"href":"https:\/\/mixbrasil.org.br\/29\/wp-json\/wp\/v2\/tags?post=7389"}],"curies":[{"name":"wp","href":"https:\/\/api.w.org\/{rel}","templated":true}]}}