{"id":7394,"date":"2021-11-02T23:53:43","date_gmt":"2021-11-03T02:53:43","guid":{"rendered":"https:\/\/mixbrasilalterar1.websiteseguro.com\/?p=7394"},"modified":"2021-11-02T23:53:43","modified_gmt":"2021-11-03T02:53:43","slug":"premiados-2020-28o-festival-mixbrasil","status":"publish","type":"post","link":"https:\/\/mixbrasil.org.br\/29\/premiados-2020-28o-festival-mixbrasil\/","title":{"rendered":"Premiados 2020 | 28\u00ba Festival MixBrasil"},"content":{"rendered":"<h2><strong><u>CINEMA<\/u><\/strong><\/h2>\n<p><strong>Coelho de Ouro \u2013 Pr\u00eamio do J\u00fari da Mostra Competitiva Brasil<\/strong><\/p>\n<ul>\n<li><strong><img decoding=\"async\" class=\"emoji td-animation-stack-type0-2 jetpack-lazy-image jetpack-lazy-image--handled\" role=\"img\" src=\"https:\/\/s.w.org\/images\/core\/emoji\/13.0.1\/svg\/1f3c6.svg\" alt=\"????\" data-pagespeed-url-hash=\"4111171614\" data-lazy-loaded=\"1\" \/>\u00a0<\/strong>Melhor Curta-Metragem Brasileiro:\u00a0<a href=\"https:\/\/gay.blog.br\/cultura\/filmes-tv-e-series\/kelner-macedo-vive-relacao-poliamorosa-em-a-mordida-filme-fica-no-streaming-ate-dia-22\/\"><strong>A<\/strong><\/a><a href=\"http:\/\/www.mixbrasil.org.br\/28\/cinema\/competitiva-brasil-curtas\/curtas-3\/a-mordida\/\"><strong>\u00a0MORDIDA<\/strong><\/a>, de Pedro Neves Marques<\/li>\n<li><strong><img decoding=\"async\" class=\"emoji td-animation-stack-type0-2 jetpack-lazy-image jetpack-lazy-image--handled\" role=\"img\" src=\"https:\/\/s.w.org\/images\/core\/emoji\/13.0.1\/svg\/1f3c6.svg\" alt=\"????\" data-pagespeed-url-hash=\"4111171614\" data-lazy-loaded=\"1\" \/>\u00a0<\/strong>Melhor Longa-Metragem Brasileiro:\u00a0<a href=\"https:\/\/www.mixbrasil.org.br\/28\/cinema\/competitiva-brasil-longas\/valentina\/\"><strong>VALENTINA<\/strong><\/a>, de C\u00e1ssio Pereira Dos Santos<\/li>\n<\/ul>\n<p><strong>INCENTIVO:<\/strong>\u00a0O longa e o curta premiados com o Coelho de Ouro tamb\u00e9m receber\u00e3o os pr\u00eamios\u00a0<strong><em>DOTCINE<\/em><\/strong><em>,\u00a0<strong>CTAV<\/strong><\/em>\u00a0e\u00a0<strong><em>MISTIKA<\/em><\/strong>\u00a0de incentivo \u00e0 realiza\u00e7\u00e3o de seus novos projetos audiovisuais atrav\u00e9s da parceria do Festival Mix Brasil com apoiadores da \u00e1rea cinematogr\u00e1fica.<\/p>\n<p><strong>Coelho de Prata \u2013 Pr\u00eamio do J\u00fari da Mostra Competitiva Brasil para Curtas-metragens<\/strong><\/p>\n<ul>\n<li><strong><img decoding=\"async\" class=\"emoji td-animation-stack-type0-2 jetpack-lazy-image jetpack-lazy-image--handled\" role=\"img\" src=\"https:\/\/s.w.org\/images\/core\/emoji\/13.0.1\/svg\/1f3c6.svg\" alt=\"????\" data-pagespeed-url-hash=\"4111171614\" data-lazy-loaded=\"1\" \/>\u00a0<\/strong>Melhor Dire\u00e7\u00e3o: Victor di Marco e M\u00e1rcio Picoli, por\u00a0<a href=\"https:\/\/www.mixbrasil.org.br\/28\/cinema\/competitiva-brasil-curtas\/curtas-3\/o-que-pode-um-corpo\/\"><strong>O QUE PODE UM CORPO?<\/strong><\/a><\/li>\n<li><strong><img decoding=\"async\" class=\"emoji td-animation-stack-type0-2 jetpack-lazy-image jetpack-lazy-image--handled\" role=\"img\" src=\"https:\/\/s.w.org\/images\/core\/emoji\/13.0.1\/svg\/1f3c6.svg\" alt=\"????\" data-pagespeed-url-hash=\"4111171614\" data-lazy-loaded=\"1\" \/>\u00a0<\/strong>Melhor Roteiro: Matheus Farias e Enock Carvalho, por\u00a0<a href=\"https:\/\/www.mixbrasil.org.br\/28\/cinema\/competitiva-brasil-curtas\/curtas-2\/inabitavel\/\"><strong>INABIT\u00c1VEL<\/strong><\/a><\/li>\n<li><strong><img decoding=\"async\" class=\"emoji td-animation-stack-type0-2 jetpack-lazy-image jetpack-lazy-image--handled\" role=\"img\" src=\"https:\/\/s.w.org\/images\/core\/emoji\/13.0.1\/svg\/1f3c6.svg\" alt=\"????\" data-pagespeed-url-hash=\"4111171614\" data-lazy-loaded=\"1\" \/>\u00a0<\/strong>Melhor Interpreta\u00e7\u00e3o: Luciana Souza, por<a href=\"https:\/\/www.mixbrasil.org.br\/28\/cinema\/competitiva-brasil-curtas\/curtas-2\/inabitavel\/\">\u00a0<strong>INABIT\u00c1VEL<\/strong><\/a><\/li>\n<li><strong><img decoding=\"async\" class=\"emoji td-animation-stack-type0-2 jetpack-lazy-image jetpack-lazy-image--handled\" role=\"img\" src=\"https:\/\/s.w.org\/images\/core\/emoji\/13.0.1\/svg\/1f3c6.svg\" alt=\"????\" data-pagespeed-url-hash=\"4111171614\" data-lazy-loaded=\"1\" \/>\u00a0<\/strong>Men\u00e7\u00e3o Honrosa: Castiel Vitorino Brasileiro, de\u00a0<a href=\"https:\/\/www.mixbrasil.org.br\/28\/cinema\/competitiva-brasil-curtas\/curtas-4\/inabitaveis\/\"><strong>INABIT\u00c1VEIS<\/strong><\/a><\/li>\n<\/ul>\n<p><strong>Coelho de Prata \u2013 Pr\u00eamio do J\u00fari da Mostra Competitiva Brasil para Longas-metragens<\/strong><\/p>\n<ul>\n<li><strong><img decoding=\"async\" class=\"emoji td-animation-stack-type0-2 jetpack-lazy-image jetpack-lazy-image--handled\" role=\"img\" src=\"https:\/\/s.w.org\/images\/core\/emoji\/13.0.1\/svg\/1f3c6.svg\" alt=\"????\" data-pagespeed-url-hash=\"4111171614\" data-lazy-loaded=\"1\" \/>\u00a0<\/strong>Melhor Dire\u00e7\u00e3o: Coraci Ruiz, por<a href=\"https:\/\/www.mixbrasil.org.br\/28\/cinema\/competitiva-brasil-longas\/limiar\/\">\u00a0<strong>LIMIAR<\/strong><\/a><\/li>\n<li><strong><img decoding=\"async\" class=\"emoji td-animation-stack-type0-2 jetpack-lazy-image jetpack-lazy-image--handled\" role=\"img\" src=\"https:\/\/s.w.org\/images\/core\/emoji\/13.0.1\/svg\/1f3c6.svg\" alt=\"????\" data-pagespeed-url-hash=\"4111171614\" data-lazy-loaded=\"1\" \/>\u00a0<\/strong>Melhor Roteiro: C\u00e1ssio Pereira Dos Santos, por\u00a0<a href=\"https:\/\/www.mixbrasil.org.br\/28\/cinema\/competitiva-brasil-longas\/valentina\/\"><strong>VALENTINA<\/strong><\/a><\/li>\n<li><strong><img decoding=\"async\" class=\"emoji td-animation-stack-type0-2 jetpack-lazy-image jetpack-lazy-image--handled\" role=\"img\" src=\"https:\/\/s.w.org\/images\/core\/emoji\/13.0.1\/svg\/1f3c6.svg\" alt=\"????\" data-pagespeed-url-hash=\"4111171614\" data-lazy-loaded=\"1\" \/>\u00a0<\/strong>Melhor Interpreta\u00e7\u00e3o: Thiessa Woinbackk, por\u00a0<a href=\"https:\/\/www.mixbrasil.org.br\/28\/cinema\/competitiva-brasil-longas\/valentina\/\"><strong>VALENTINA<\/strong><\/a><\/li>\n<li><strong><img decoding=\"async\" class=\"emoji td-animation-stack-type0-2 jetpack-lazy-image jetpack-lazy-image--handled\" role=\"img\" src=\"https:\/\/s.w.org\/images\/core\/emoji\/13.0.1\/svg\/1f3c6.svg\" alt=\"????\" data-pagespeed-url-hash=\"4111171614\" data-lazy-loaded=\"1\" \/>\u00a0<\/strong>Men\u00e7\u00e3o Honrosa:\u00a0<a href=\"https:\/\/www.mixbrasil.org.br\/28\/cinema\/competitiva-brasil-longas\/maes-do-derick\/\"><strong>M\u00c3ES DO DERICK<\/strong><\/a>, de D\u00ea Kelm<\/li>\n<\/ul>\n<p><strong>Coelho de Prata \u2013 Pr\u00eamio do P\u00fablico<\/strong><\/p>\n<ul>\n<li><strong><img decoding=\"async\" class=\"emoji td-animation-stack-type0-2 jetpack-lazy-image jetpack-lazy-image--handled\" role=\"img\" src=\"https:\/\/s.w.org\/images\/core\/emoji\/13.0.1\/svg\/1f3c6.svg\" alt=\"????\" data-pagespeed-url-hash=\"4111171614\" data-lazy-loaded=\"1\" \/>\u00a0<\/strong>Melhor Curta-Metragem Nacional:\u00a0<a href=\"https:\/\/www.mixbrasil.org.br\/28\/cinema\/competitiva-brasil-curtas\/curtas-2\/leticia-monte-bonito-04\/\"><strong>LET\u00cdCIA, MONTE BONITO, 04<\/strong><\/a>, de Julia Regis<\/li>\n<li><strong><img decoding=\"async\" class=\"emoji td-animation-stack-type0-2 jetpack-lazy-image jetpack-lazy-image--handled\" role=\"img\" src=\"https:\/\/s.w.org\/images\/core\/emoji\/13.0.1\/svg\/1f3c6.svg\" alt=\"????\" data-pagespeed-url-hash=\"4111171614\" data-lazy-loaded=\"1\" \/>\u00a0<\/strong>Melhor Curta-Metragem Internacional:\u00a0<a href=\"https:\/\/www.mixbrasil.org.br\/28\/cinema\/crescendo-com-a-diversidade\/cauda-de-sereia\/\"><strong>CAUDA DE SEREIA<\/strong><\/a>, de Alba Barb\u00e9 i Serra (Espanha)<\/li>\n<li><strong><img decoding=\"async\" class=\"emoji td-animation-stack-type0-2 jetpack-lazy-image jetpack-lazy-image--handled\" role=\"img\" src=\"https:\/\/s.w.org\/images\/core\/emoji\/13.0.1\/svg\/1f3c6.svg\" alt=\"????\" data-pagespeed-url-hash=\"4111171614\" data-lazy-loaded=\"1\" \/>\u00a0<\/strong>Melhor Longa-Metragem Nacional:\u00a0<a href=\"https:\/\/www.mixbrasil.org.br\/28\/cinema\/competitiva-brasil-longas\/valentina\/\"><strong>VALENTINA<\/strong><\/a>, de C\u00e1ssio Pereira Dos Santos<\/li>\n<li><strong><img decoding=\"async\" class=\"emoji td-animation-stack-type0-2 jetpack-lazy-image jetpack-lazy-image--handled\" role=\"img\" src=\"https:\/\/s.w.org\/images\/core\/emoji\/13.0.1\/svg\/1f3c6.svg\" alt=\"????\" data-pagespeed-url-hash=\"4111171614\" data-lazy-loaded=\"1\" \/>\u00a0<\/strong>Melhor Longa-Metragem Internacional:\u00a0<a href=\"https:\/\/www.mixbrasil.org.br\/28\/cinema\/panorama-internacional\/pequena-garota\/\"><strong>PEQUENA GAROTA<\/strong><\/a>, de S\u00e9bastien Lifshitz (Fran\u00e7a)<\/li>\n<li><strong><img decoding=\"async\" class=\"emoji td-animation-stack-type0-2 jetpack-lazy-image jetpack-lazy-image--handled\" role=\"img\" src=\"https:\/\/s.w.org\/images\/core\/emoji\/13.0.1\/svg\/1f3c6.svg\" alt=\"????\" data-pagespeed-url-hash=\"4111171614\" data-lazy-loaded=\"1\" \/>\u00a0Pr\u00eamio Canal Brasil de Curtas:<\/strong><a href=\"https:\/\/www.mixbrasil.org.br\/28\/cinema\/competitiva-brasil-curtas\/curtas-4\/inabitaveis\/\">\u00a0<strong>INABIT\u00c1VEIS<\/strong><\/a>, de Anderson Bardot<\/li>\n<li><strong><img decoding=\"async\" class=\"emoji td-animation-stack-type0-2 jetpack-lazy-image jetpack-lazy-image--handled\" role=\"img\" src=\"https:\/\/s.w.org\/images\/core\/emoji\/13.0.1\/svg\/1f3c6.svg\" alt=\"????\" data-pagespeed-url-hash=\"4111171614\" data-lazy-loaded=\"1\" \/>\u00a0Pr\u00eamio SescTV:<\/strong>\u00a0<a href=\"https:\/\/www.mixbrasil.org.br\/28\/cinema\/competitiva-brasil-curtas\/curtas-3\/o-que-pode-um-corpo\/\"><strong>O QUE PODE UM CORPO?<\/strong><\/a>, de Victor di Marco e M\u00e1rcio Picoli<\/li>\n<li><strong><img decoding=\"async\" class=\"emoji td-animation-stack-type0-2 jetpack-lazy-image jetpack-lazy-image--handled\" role=\"img\" src=\"https:\/\/s.w.org\/images\/core\/emoji\/13.0.1\/svg\/1f3c6.svg\" alt=\"????\" data-pagespeed-url-hash=\"4111171614\" data-lazy-loaded=\"1\" \/>\u00a0Bolsa Ateli\u00ea Bucareste:<\/strong>\u00a0Julia Leite, pela fotografia de\u00a0<strong><a href=\"https:\/\/www.mixbrasil.org.br\/28\/cinema\/competitiva-brasil-curtas\/curtas-2\/leticia-monte-bonito-04\/\">LET\u00cdCIA, MONTE BONITO, 04<\/a><br \/>\n<\/strong><\/li>\n<\/ul>\n<h2><strong><u>PR\u00caMIO DRAM\u00c1TICA<\/u><\/strong><\/h2>\n<p><strong><img decoding=\"async\" class=\"emoji td-animation-stack-type0-2 jetpack-lazy-image jetpack-lazy-image--handled\" role=\"img\" src=\"https:\/\/s.w.org\/images\/core\/emoji\/13.0.1\/svg\/1f3c6.svg\" alt=\"????\" data-pagespeed-url-hash=\"4111171614\" data-lazy-loaded=\"1\" \/>\u00a0<\/strong><strong>Coelho de Ouro \u2013\u00a0<\/strong><strong>Pr\u00eamio Dram\u00e1tica \u2013 J\u00fari<\/strong>:\u00a0<a href=\"https:\/\/www.mixbrasil.org.br\/28\/dramatica\/o-armario-normando\/\"><strong>O ARM\u00c1RIO NORMANDO<\/strong><\/a>, de Janaina Leite\u00ad<\/p>\n<p><strong><img decoding=\"async\" class=\"emoji td-animation-stack-type0-2 jetpack-lazy-image jetpack-lazy-image--handled\" role=\"img\" src=\"https:\/\/s.w.org\/images\/core\/emoji\/13.0.1\/svg\/1f3c6.svg\" alt=\"????\" data-pagespeed-url-hash=\"4111171614\" data-lazy-loaded=\"1\" \/>\u00a0Men\u00e7\u00e3o Honrosa<\/strong>:\u00a0<a href=\"https:\/\/www.mixbrasil.org.br\/28\/dramatica\/mini-bius-bils-bios\/\"><strong>MINI-BIUs, BILs, BIOs<\/strong><\/a>, de Andreya S\u00e1, Carlos Jord\u00e3o<\/p>\n<p><strong><img decoding=\"async\" class=\"emoji td-animation-stack-type0-2 jetpack-lazy-image jetpack-lazy-image--handled\" role=\"img\" src=\"https:\/\/s.w.org\/images\/core\/emoji\/13.0.1\/svg\/1f3c6.svg\" alt=\"????\" data-pagespeed-url-hash=\"4111171614\" data-lazy-loaded=\"1\" \/>\u00a0Coelho de Prata \u2013\u00a0<\/strong><strong>Pr\u00eamio Dram\u00e1tica \u2013 P\u00fablico<\/strong>:\u00a0<a href=\"https:\/\/www.mixbrasil.org.br\/28\/dramatica\/rainha\/\"><strong>RAINHA<\/strong><\/a>, de Guilherme Gonzalez<\/p>\n<h2><strong><u>PR\u00caMIOS ESPECIAIS<\/u><\/strong><\/h2>\n<p><strong><img decoding=\"async\" class=\"emoji td-animation-stack-type0-2 jetpack-lazy-image jetpack-lazy-image--handled\" role=\"img\" src=\"https:\/\/s.w.org\/images\/core\/emoji\/13.0.1\/svg\/1f3c6.svg\" alt=\"????\" data-pagespeed-url-hash=\"4111171614\" data-lazy-loaded=\"1\" \/>\u00a0Pr\u00eamio \u00cdcone Mix:<\/strong>\u00a0<strong><a href=\"https:\/\/gay.blog.br\/entrevistas\/icone-do-bate-cabelo-marcia-pantera-fala-do-auge-na-era-pre-internet-hoje-e-um-jogo-de-disputa-por-seguidores\/\">Marcia Pantera<\/a><\/strong><\/p>\n<p><strong><img decoding=\"async\" class=\"emoji td-animation-stack-type0-2 jetpack-lazy-image jetpack-lazy-image--handled\" role=\"img\" src=\"https:\/\/s.w.org\/images\/core\/emoji\/13.0.1\/svg\/1f3c6.svg\" alt=\"????\" data-pagespeed-url-hash=\"4111171614\" data-lazy-loaded=\"1\" \/>\u00a0Pr\u00eamio Mix Liter\u00e1rio:<\/strong>\u00a0<strong>CARTAS PARA LU\u00cdSA<\/strong>, de Maria Freitas<\/p>\n<p><strong><img decoding=\"async\" class=\"emoji td-animation-stack-type0-2 jetpack-lazy-image jetpack-lazy-image--handled\" role=\"img\" src=\"https:\/\/s.w.org\/images\/core\/emoji\/13.0.1\/svg\/1f3c6.svg\" alt=\"????\" data-pagespeed-url-hash=\"4111171614\" data-lazy-loaded=\"1\" \/>\u00a0Men\u00e7\u00e3o Honrosa Mix Liter\u00e1rio<\/strong>:\u00a0<strong>PANACEIA<\/strong>, de Cec\u00edlia Floresta<\/p>\n<p><strong><img decoding=\"async\" class=\"emoji td-animation-stack-type0-2 jetpack-lazy-image jetpack-lazy-image--handled\" role=\"img\" src=\"https:\/\/s.w.org\/images\/core\/emoji\/13.0.1\/svg\/1f3c6.svg\" alt=\"????\" data-pagespeed-url-hash=\"4111171614\" data-lazy-loaded=\"1\" \/>\u00a0<\/strong><strong>Pr\u00eamio Caio Fernando Abreu de Literatura<\/strong>:\u00a0<strong>ALAGOAS AZUL<\/strong>, de Bruno Coelho<\/p>\n<p><strong><img decoding=\"async\" class=\"emoji td-animation-stack-type0-2 jetpack-lazy-image jetpack-lazy-image--handled\" role=\"img\" src=\"https:\/\/s.w.org\/images\/core\/emoji\/13.0.1\/svg\/1f3c6.svg\" alt=\"????\" data-pagespeed-url-hash=\"4111171614\" data-lazy-loaded=\"1\" \/>\u00a0<\/strong><strong>Pr\u00eamio Suzy Cap\u00f3:<\/strong>\u00a0Wallie Ruy, pela pe\u00e7a<a href=\"https:\/\/www.mixbrasil.org.br\/28\/dramatica\/wonder-vem-pra-barra-pesada\/\"><strong>\u00a0WONDER! VEM PRA BARRA PESADA<\/strong><\/a><\/p>\n<p><strong><img decoding=\"async\" class=\"emoji td-animation-stack-type0-2 jetpack-lazy-image jetpack-lazy-image--handled\" role=\"img\" src=\"https:\/\/s.w.org\/images\/core\/emoji\/13.0.1\/svg\/1f3c6.svg\" alt=\"????\" data-pagespeed-url-hash=\"4111171614\" data-lazy-loaded=\"1\" \/>\u00a0Pr\u00eamio Show do Gongo<\/strong>:\u00a0<a href=\"https:\/\/www.mixbrasil.org.br\/play\/show-do-gongo\/lipsync-for-your-life-2020\/\"><strong>LIPSYNC FOR YOUR LIFE<\/strong><\/a>, de Glauber Rodrigues<\/p>\n<p><strong><img decoding=\"async\" class=\"emoji td-animation-stack-type0-2 jetpack-lazy-image jetpack-lazy-image--handled\" role=\"img\" src=\"https:\/\/s.w.org\/images\/core\/emoji\/13.0.1\/svg\/1f3c6.svg\" alt=\"????\" data-pagespeed-url-hash=\"4111171614\" data-lazy-loaded=\"1\" \/>\u00a0Pr\u00eamio Ida Feldman:<\/strong>\u00a0Roberto Polastri<\/p>\n<div class=\"youtube-embed\" data-video_id=\"jeNyQpO84Ms\"><iframe loading=\"lazy\" title=\"MIX BRASIL 2020 | Cerim\u00f4nia de Premia\u00e7\u00e3o\" width=\"696\" height=\"392\" src=\"https:\/\/www.youtube.com\/embed\/jeNyQpO84Ms?feature=oembed&#038;enablejsapi=1\" frameborder=\"0\" allow=\"accelerometer; autoplay; clipboard-write; encrypted-media; gyroscope; picture-in-picture\" allowfullscreen><\/iframe><\/div>\n","protected":false},"excerpt":{"rendered":"<p>CINEMA Coelho de Ouro \u2013 Pr\u00eamio do J\u00fari da Mostra Competitiva Brasil \u00a0Melhor Curta-Metragem Brasileiro:\u00a0A\u00a0MORDIDA, de Pedro Neves Marques \u00a0Melhor Longa-Metragem Brasileiro:\u00a0VALENTINA, de C\u00e1ssio Pereira Dos Santos INCENTIVO:\u00a0O longa e o curta premiados com o Coelho de Ouro tamb\u00e9m receber\u00e3o os pr\u00eamios\u00a0DOTCINE,\u00a0CTAV\u00a0e\u00a0MISTIKA\u00a0de incentivo \u00e0 realiza\u00e7\u00e3o de seus novos projetos audiovisuais atrav\u00e9s da parceria do Festival [&hellip;]<\/p>\n","protected":false},"author":12,"featured_media":8565,"comment_status":"open","ping_status":"closed","sticky":false,"template":"","format":"standard","meta":{"footnotes":""},"categories":[4],"tags":[],"class_list":{"0":"post-7394","1":"post","2":"type-post","3":"status-publish","4":"format-standard","5":"has-post-thumbnail","7":"category-festival-mix-brasil-2021"},"_links":{"self":[{"href":"https:\/\/mixbrasil.org.br\/29\/wp-json\/wp\/v2\/posts\/7394","targetHints":{"allow":["GET"]}}],"collection":[{"href":"https:\/\/mixbrasil.org.br\/29\/wp-json\/wp\/v2\/posts"}],"about":[{"href":"https:\/\/mixbrasil.org.br\/29\/wp-json\/wp\/v2\/types\/post"}],"author":[{"embeddable":true,"href":"https:\/\/mixbrasil.org.br\/29\/wp-json\/wp\/v2\/users\/12"}],"replies":[{"embeddable":true,"href":"https:\/\/mixbrasil.org.br\/29\/wp-json\/wp\/v2\/comments?post=7394"}],"version-history":[{"count":0,"href":"https:\/\/mixbrasil.org.br\/29\/wp-json\/wp\/v2\/posts\/7394\/revisions"}],"wp:featuredmedia":[{"embeddable":true,"href":"https:\/\/mixbrasil.org.br\/29\/wp-json\/wp\/v2\/media\/8565"}],"wp:attachment":[{"href":"https:\/\/mixbrasil.org.br\/29\/wp-json\/wp\/v2\/media?parent=7394"}],"wp:term":[{"taxonomy":"category","embeddable":true,"href":"https:\/\/mixbrasil.org.br\/29\/wp-json\/wp\/v2\/categories?post=7394"},{"taxonomy":"post_tag","embeddable":true,"href":"https:\/\/mixbrasil.org.br\/29\/wp-json\/wp\/v2\/tags?post=7394"}],"curies":[{"name":"wp","href":"https:\/\/api.w.org\/{rel}","templated":true}]}}