{"id":7613,"date":"2021-11-03T22:12:17","date_gmt":"2021-11-04T01:12:17","guid":{"rendered":"https:\/\/mixbrasilalterar1.websiteseguro.com\/?p=7613"},"modified":"2021-11-03T22:12:17","modified_gmt":"2021-11-04T01:12:17","slug":"a-fratura","status":"publish","type":"post","link":"https:\/\/mixbrasil.org.br\/29\/a-fratura\/","title":{"rendered":"A Fratura"},"content":{"rendered":"<p>#DR #pol\u00edtica<\/p>\n<pre><strong>11\/11 (qui) - 20h - Cinesesc<\/strong>\n<strong>21\/11 (dom) - 17h - Cinesesc<\/strong><\/pre>\n<p style=\"text-align: justify\"><strong>DIRE\u00c7\u00c3O:<\/strong> Catherine Corsini<br \/>\n<strong>PA\u00cdS:<\/strong> Fran\u00e7a<br \/>\n<strong>ANO:<\/strong> 2021<br \/>\n<strong>DURA\u00c7\u00c3O:<\/strong> 98<br \/>\n<strong>CLASSIFICA\u00c7\u00c3O INDICATIVA:<\/strong> 14 anos<\/p>\n<p><iframe loading=\"lazy\" title=\"La Fracture (trailer)\" src=\"https:\/\/player.vimeo.com\/video\/635779396?h=c7ecba881a&amp;dnt=1&amp;app_id=122963\" width=\"696\" height=\"392\" frameborder=\"0\" allow=\"autoplay; fullscreen; picture-in-picture\" allowfullscreen><\/iframe><\/p>\n<p style=\"text-align: justify\"><strong>SINOPSE:<\/strong> Raf e Julie, um casal prestes a se separar, est\u00e3o em um pronto-socorro na noite de um grande protesto dos &#8220;coletes amarelos&#8221; em Paris. O encontro com Yann, um manifestante ferido e furioso, vai chacoalhar suas certezas e preconceitos. L\u00e1 fora, a tens\u00e3o aumenta e logo o hospital tem que fechar as portas e a equipe fica sobrecarregada. A noite vai ser\u00e1 longa, reveladora e hil\u00e1ria. Queer Palm no Festival de Cannes.<\/p>\n<p style=\"text-align: justify\"><strong>Elenco\/Cast:<\/strong> Valeria Bruni Tedeschi, Marina Fo\u00efs, Pio Marma\u00ef, Jean-Louis Coulloc&#8217;h<br \/>\nRoteiro\/Screenplay: Catherine Corsini, Agn\u00e8s Feuvre, Laurette Polmanss<br \/>\n<strong>Fotografia\/Cinematography:<\/strong> Jeanne Lapoirie<br \/>\n<strong>Montagem\/Editing:<\/strong> Fr\u00e9d\u00e9ric Baillehaiche<br \/>\n<strong>Som\/Sound:<\/strong> Nicolas Cantin, Olivier Goinard<br \/>\n<strong>M\u00fasica\/Music:<\/strong> Robin Coudert<br \/>\n<strong>Arte\/Production Design:<\/strong> Toma Baqueni<br \/>\n<strong>Produ\u00e7\u00e3o\/Production:<\/strong> Elisabeth Perez<\/p>\n<figure id=\"attachment_7614\" aria-describedby=\"caption-attachment-7614\" style=\"width: 800px\" class=\"wp-caption aligncenter\"><img loading=\"lazy\" decoding=\"async\" class=\"wp-image-7614 size-full\" src=\"https:\/\/mixbrasilalterar1.websiteseguro.com\/wp-content\/uploads\/2021\/11\/38.-Catherine-Corsini.jpg\" alt=\"\" width=\"800\" height=\"600\" srcset=\"https:\/\/mixbrasil.org.br\/29\/wp-content\/uploads\/sites\/26\/2021\/11\/38.-Catherine-Corsini.jpg 800w, https:\/\/mixbrasil.org.br\/29\/wp-content\/uploads\/sites\/26\/2021\/11\/38.-Catherine-Corsini-300x225.jpg 300w, https:\/\/mixbrasil.org.br\/29\/wp-content\/uploads\/sites\/26\/2021\/11\/38.-Catherine-Corsini-768x576.jpg 768w, https:\/\/mixbrasil.org.br\/29\/wp-content\/uploads\/sites\/26\/2021\/11\/38.-Catherine-Corsini-150x113.jpg 150w, https:\/\/mixbrasil.org.br\/29\/wp-content\/uploads\/sites\/26\/2021\/11\/38.-Catherine-Corsini-696x522.jpg 696w, https:\/\/mixbrasil.org.br\/29\/wp-content\/uploads\/sites\/26\/2021\/11\/38.-Catherine-Corsini-560x420.jpg 560w, https:\/\/mixbrasil.org.br\/29\/wp-content\/uploads\/sites\/26\/2021\/11\/38.-Catherine-Corsini-80x60.jpg 80w, https:\/\/mixbrasil.org.br\/29\/wp-content\/uploads\/sites\/26\/2021\/11\/38.-Catherine-Corsini-265x198.jpg 265w\" sizes=\"auto, (max-width: 800px) 100vw, 800px\" \/><figcaption id=\"caption-attachment-7614\" class=\"wp-caption-text\">Dire\u00e7\u00e3o: Catherini Corsini<\/figcaption><\/figure>\n","protected":false},"excerpt":{"rendered":"<p>#DR #pol\u00edtica 11\/11 (qui) &#8211; 20h &#8211; Cinesesc 21\/11 (dom) &#8211; 17h &#8211; Cinesesc DIRE\u00c7\u00c3O: Catherine Corsini PA\u00cdS: Fran\u00e7a ANO: 2021 DURA\u00c7\u00c3O: 98 CLASSIFICA\u00c7\u00c3O INDICATIVA: 14 anos SINOPSE: Raf e Julie, um casal prestes a se separar, est\u00e3o em um pronto-socorro na noite de um grande protesto dos &#8220;coletes amarelos&#8221; em Paris. O encontro com [&hellip;]<\/p>\n","protected":false},"author":12,"featured_media":7616,"comment_status":"open","ping_status":"closed","sticky":false,"template":"","format":"standard","meta":{"footnotes":""},"categories":[35],"tags":[125,282],"class_list":{"0":"post-7613","1":"post","2":"type-post","3":"status-publish","4":"format-standard","5":"has-post-thumbnail","7":"category-panorama-internacional-cinema-festival-mix-brasil-2021","8":"tag-dr","9":"tag-politica"},"_links":{"self":[{"href":"https:\/\/mixbrasil.org.br\/29\/wp-json\/wp\/v2\/posts\/7613","targetHints":{"allow":["GET"]}}],"collection":[{"href":"https:\/\/mixbrasil.org.br\/29\/wp-json\/wp\/v2\/posts"}],"about":[{"href":"https:\/\/mixbrasil.org.br\/29\/wp-json\/wp\/v2\/types\/post"}],"author":[{"embeddable":true,"href":"https:\/\/mixbrasil.org.br\/29\/wp-json\/wp\/v2\/users\/12"}],"replies":[{"embeddable":true,"href":"https:\/\/mixbrasil.org.br\/29\/wp-json\/wp\/v2\/comments?post=7613"}],"version-history":[{"count":0,"href":"https:\/\/mixbrasil.org.br\/29\/wp-json\/wp\/v2\/posts\/7613\/revisions"}],"wp:featuredmedia":[{"embeddable":true,"href":"https:\/\/mixbrasil.org.br\/29\/wp-json\/wp\/v2\/media\/7616"}],"wp:attachment":[{"href":"https:\/\/mixbrasil.org.br\/29\/wp-json\/wp\/v2\/media?parent=7613"}],"wp:term":[{"taxonomy":"category","embeddable":true,"href":"https:\/\/mixbrasil.org.br\/29\/wp-json\/wp\/v2\/categories?post=7613"},{"taxonomy":"post_tag","embeddable":true,"href":"https:\/\/mixbrasil.org.br\/29\/wp-json\/wp\/v2\/tags?post=7613"}],"curies":[{"name":"wp","href":"https:\/\/api.w.org\/{rel}","templated":true}]}}