{"id":7800,"date":"2021-11-04T15:21:07","date_gmt":"2021-11-04T18:21:07","guid":{"rendered":"https:\/\/mixbrasilalterar1.websiteseguro.com\/?p=7800"},"modified":"2021-11-04T15:21:07","modified_gmt":"2021-11-04T18:21:07","slug":"virgem-meu-cu","status":"publish","type":"post","link":"https:\/\/mixbrasil.org.br\/29\/virgem-meu-cu\/","title":{"rendered":"Virgem, Meu Cu"},"content":{"rendered":"<p style=\"text-align: justify\">#gay #fetiche #cabe\u00e7\u00e3o<\/p>\n<pre><strong>14\/11 (dom) - 14h - MIS<\/strong>\n<strong>Exibi\u00e7\u00e3o online: de 11\/11 a 21\/11<\/strong><\/pre>\n<p><a href=\"https:\/\/play.innsaei.tv\/conteudo\/80767442-517f-41fd-92c0-8128fe26c5bb\"><span class=\"td_btn td_btn_lg td_shadow_btn\"><strong>CLIQUE AQUI PARA ASSISTIR<\/strong><\/span><\/a><\/p>\n<p style=\"text-align: justify\"><strong>DIRE\u00c7\u00c3O:<\/strong> Adar Sigler<br \/>\n<strong>PA\u00cdS: <\/strong> Israel<br \/>\n<strong>ANO: <\/strong> 2020<br \/>\n<strong>DURA\u00c7\u00c3O:<\/strong> 16<br \/>\n<strong>CLASSIFICA\u00c7\u00c3O INDICATIVA:<\/strong> 14 anos<\/p>\n<p style=\"text-align: justify\"><strong>SINOPSE:<\/strong> Ophir pede um pequeno favor a Harel que poder\u00e1 faz\u00ea-lo se sentir um cara gay normal. Ok, talvez o favor n\u00e3o seja t\u00e3o pequeno assim.<\/p>\n","protected":false},"excerpt":{"rendered":"<p>#gay #fetiche #cabe\u00e7\u00e3o 14\/11 (dom) &#8211; 14h &#8211; MIS Exibi\u00e7\u00e3o online: de 11\/11 a 21\/11 CLIQUE AQUI PARA ASSISTIR DIRE\u00c7\u00c3O: Adar Sigler PA\u00cdS: Israel ANO: 2020 DURA\u00c7\u00c3O: 16 CLASSIFICA\u00c7\u00c3O INDICATIVA: 14 anos SINOPSE: Ophir pede um pequeno favor a Harel que poder\u00e1 faz\u00ea-lo se sentir um cara gay normal. Ok, talvez o favor n\u00e3o seja [&hellip;]<\/p>\n","protected":false},"author":12,"featured_media":7801,"comment_status":"open","ping_status":"closed","sticky":false,"template":"","format":"standard","meta":{"footnotes":""},"categories":[21,26],"tags":[79,161,170],"class_list":{"0":"post-7800","1":"post","2":"type-post","3":"status-publish","4":"format-standard","5":"has-post-thumbnail","7":"category-curtas-cinema-festival-mix-brasil-2021","8":"category-curtas-esta-tudo-na-sua-cabeca","9":"tag-cabecao","10":"tag-fetiche","11":"tag-gay"},"_links":{"self":[{"href":"https:\/\/mixbrasil.org.br\/29\/wp-json\/wp\/v2\/posts\/7800","targetHints":{"allow":["GET"]}}],"collection":[{"href":"https:\/\/mixbrasil.org.br\/29\/wp-json\/wp\/v2\/posts"}],"about":[{"href":"https:\/\/mixbrasil.org.br\/29\/wp-json\/wp\/v2\/types\/post"}],"author":[{"embeddable":true,"href":"https:\/\/mixbrasil.org.br\/29\/wp-json\/wp\/v2\/users\/12"}],"replies":[{"embeddable":true,"href":"https:\/\/mixbrasil.org.br\/29\/wp-json\/wp\/v2\/comments?post=7800"}],"version-history":[{"count":0,"href":"https:\/\/mixbrasil.org.br\/29\/wp-json\/wp\/v2\/posts\/7800\/revisions"}],"wp:featuredmedia":[{"embeddable":true,"href":"https:\/\/mixbrasil.org.br\/29\/wp-json\/wp\/v2\/media\/7801"}],"wp:attachment":[{"href":"https:\/\/mixbrasil.org.br\/29\/wp-json\/wp\/v2\/media?parent=7800"}],"wp:term":[{"taxonomy":"category","embeddable":true,"href":"https:\/\/mixbrasil.org.br\/29\/wp-json\/wp\/v2\/categories?post=7800"},{"taxonomy":"post_tag","embeddable":true,"href":"https:\/\/mixbrasil.org.br\/29\/wp-json\/wp\/v2\/tags?post=7800"}],"curies":[{"name":"wp","href":"https:\/\/api.w.org\/{rel}","templated":true}]}}