{"id":8118,"date":"2021-11-03T18:00:22","date_gmt":"2021-11-03T21:00:22","guid":{"rendered":"https:\/\/mixbrasilalterar1.websiteseguro.com\/uncategorized\/god-has-aids\/"},"modified":"2021-11-03T18:00:22","modified_gmt":"2021-11-03T21:00:22","slug":"god-has-aids","status":"publish","type":"post","link":"https:\/\/mixbrasil.org.br\/29\/god-has-aids\/","title":{"rendered":"God Has AIDS"},"content":{"rendered":"<p><strong>DIRECTION:<\/strong> F\u00e1bio Leal, Gustavo Vinagre<br \/>\n<strong>COUNTRY:<\/strong>Brazil<br \/>\n<strong>CITY: <\/strong> PE\/SP<br \/>\n<strong>YEAR:<\/strong> 2021<br \/>\n<strong>DURATION:<\/strong> 82<br \/>\n<strong>RATING:<\/strong> 16 y\/o<\/p>\n<p><iframe loading=\"lazy\" title=\"Deus Tem AIDS (teaser)\" src=\"https:\/\/player.vimeo.com\/video\/625020179?h=89b4eba364&amp;dnt=1&amp;app_id=122963\" width=\"696\" height=\"392\" frameborder=\"0\" allow=\"autoplay; fullscreen; picture-in-picture\" allowfullscreen><\/iframe><\/p>\n<p><strong>SYNOPSIS:<\/strong> 40 years after the beginning of the Aids epidemic, seven artists and an activist doctor, people living with HIV, offer new images and perspectives to deal with serophobia in Brazil. Best Film and Audience Award at Queer Porto.<\/p>\n<p><strong>Elenco\/Cast:<\/strong> Caru\u00e9 Contreiras, Ernesto Filho, Flip Couto, Kako Arancibia, Marcos Visnadi, Micaela Cyrino, Paulx Castello, Ronaldo Serruya<br \/>\n<strong>Roteiro\/Screenplay:<\/strong> F\u00e1bio Leal, Gustavo Vinagre, Tain\u00e1 Muhringer<br \/>\n<strong>Fotografia\/Cinematography:<\/strong> Tiago Calazans<br \/>\n<strong>Montagem\/Editing:<\/strong> Beatriz Pomar, Quentin Delaroche<br \/>\n<strong>Som\/Sound:<\/strong> Lucas Caminha, Nicolau Domingues, Juliana Santana<br \/>\n<strong>Produ\u00e7\u00e3o\/Production:<\/strong> Dora Amorim, J\u00falia Machado, Tha\u00eds Vidal, F\u00e1bio Leal, Gustavo Vinagre&#8221;<\/p>\n<p><strong>FILMOGRAPHY F\u00c1BIO LEAL: <\/strong><br \/>\n2018 Reforma<br \/>\n2016 Porteiro do Dia<\/p>\n<p><strong>FILMOGRAFIA GUSTAVO VINAGRE<\/strong><br \/>\n2021 Desaprender a Dormir<br \/>\n2021 Monumento ao Wi-Fi<br \/>\n2020 Vil, M\u00e1<br \/>\n2019 A Rosa Azul de Novalis (em codire\u00e7\u00e3o com Rodrigo Carneiro)<br \/>\n2018 Lembro Mais dos Corvos<br \/>\n2017 Medo Medo Medo<br \/>\n2017 Filme-cat\u00e1strofe<br \/>\n2017 Cachorro<br \/>\n2016 Os Cuidados que se tem com o Cuidado que os Outros Devem ter Consigo Mesmos<br \/>\n2015 Chutes<br \/>\n2014 M\u00e3os que Curam<br \/>\n2013 Nova Dubai<br \/>\n2013 La Llamada<br \/>\n2012 Filme Para Poeta Cego&#8221;<\/p>\n","protected":false},"excerpt":{"rendered":"<p>DIRECTION: F\u00e1bio Leal, Gustavo Vinagre COUNTRY:Brazil CITY: PE\/SP YEAR: 2021 DURATION: 82 RATING: 16 y\/o SYNOPSIS: 40 years after the beginning of the Aids epidemic, seven artists and an activist doctor, people living with HIV, offer new images and perspectives to deal with serophobia in Brazil. Best Film and Audience Award at Queer Porto. Elenco\/Cast: [&hellip;]<\/p>\n","protected":false},"author":12,"featured_media":7475,"comment_status":"open","ping_status":"closed","sticky":false,"template":"","format":"standard","meta":{"footnotes":""},"categories":[372],"tags":[],"class_list":{"0":"post-8118","1":"post","2":"type-post","3":"status-publish","4":"format-standard","5":"has-post-thumbnail","7":"category-competitiva-brasil-longas-medias-en"},"_links":{"self":[{"href":"https:\/\/mixbrasil.org.br\/29\/wp-json\/wp\/v2\/posts\/8118","targetHints":{"allow":["GET"]}}],"collection":[{"href":"https:\/\/mixbrasil.org.br\/29\/wp-json\/wp\/v2\/posts"}],"about":[{"href":"https:\/\/mixbrasil.org.br\/29\/wp-json\/wp\/v2\/types\/post"}],"author":[{"embeddable":true,"href":"https:\/\/mixbrasil.org.br\/29\/wp-json\/wp\/v2\/users\/12"}],"replies":[{"embeddable":true,"href":"https:\/\/mixbrasil.org.br\/29\/wp-json\/wp\/v2\/comments?post=8118"}],"version-history":[{"count":0,"href":"https:\/\/mixbrasil.org.br\/29\/wp-json\/wp\/v2\/posts\/8118\/revisions"}],"wp:featuredmedia":[{"embeddable":true,"href":"https:\/\/mixbrasil.org.br\/29\/wp-json\/wp\/v2\/media\/7475"}],"wp:attachment":[{"href":"https:\/\/mixbrasil.org.br\/29\/wp-json\/wp\/v2\/media?parent=8118"}],"wp:term":[{"taxonomy":"category","embeddable":true,"href":"https:\/\/mixbrasil.org.br\/29\/wp-json\/wp\/v2\/categories?post=8118"},{"taxonomy":"post_tag","embeddable":true,"href":"https:\/\/mixbrasil.org.br\/29\/wp-json\/wp\/v2\/tags?post=8118"}],"curies":[{"name":"wp","href":"https:\/\/api.w.org\/{rel}","templated":true}]}}