{"id":8620,"date":"2021-11-07T16:56:14","date_gmt":"2021-11-07T19:56:14","guid":{"rendered":"https:\/\/mixbrasilalterar1.websiteseguro.com\/?p=8620"},"modified":"2024-12-04T12:04:55","modified_gmt":"2024-12-04T15:04:55","slug":"juri-5","status":"publish","type":"post","link":"https:\/\/mixbrasil.org.br\/29\/juri-5\/","title":{"rendered":"J\u00fari"},"content":{"rendered":"<h3 style=\"text-align: justify;\"><strong>J\u00daRI COMPETITIVA BRASIL\u00a0 &#8211; LONGAS<\/strong><\/h3>\n<figure id=\"attachment_8621\" aria-describedby=\"caption-attachment-8621\" style=\"width: 150px\" class=\"wp-caption alignleft\"><img loading=\"lazy\" decoding=\"async\" class=\"wp-image-8621 size-thumbnail\" src=\"https:\/\/mixbrasil.org.br\/29\/wp-content\/uploads\/sites\/26\/2021\/11\/1.-Alberto-Pereira-Jr-150x150.jpg\" alt=\"\" width=\"150\" height=\"150\" \/><figcaption id=\"caption-attachment-8621\" class=\"wp-caption-text\">Alberto Pereira Jr<\/figcaption><\/figure>\n<p style=\"text-align: justify;\"><strong>Alberto Pereira Jr: <\/strong>Apresentador, diretor e roteirista do programa &#8220;Trace Trends&#8221;, exibido no Multishow e no Globoplay. Recentemente, lan\u00e7ou o document\u00e1rio \u201cIsmael Vivo\u201d, na TV Cultura. Concebeu e dirigiu o document\u00e1rio \u201cEu Vos Declaro&#8230;\u201d (2012), sobre fam\u00edlias LGBTQIA+. Artista social, ator e jornalista, busca a intersec\u00e7\u00e3o entre temas como afetividade, negritude, homossexualidade e HIV.<\/p>\n<figure id=\"attachment_8623\" aria-describedby=\"caption-attachment-8623\" style=\"width: 150px\" class=\"wp-caption alignleft\"><img loading=\"lazy\" decoding=\"async\" class=\"wp-image-8623 size-thumbnail\" src=\"https:\/\/mixbrasil.org.br\/29\/wp-content\/uploads\/sites\/26\/2021\/11\/2.-Barbara-Paz-150x150.jpg\" alt=\"\" width=\"150\" height=\"150\" \/><figcaption id=\"caption-attachment-8623\" class=\"wp-caption-text\">Barbara Paz<\/figcaption><\/figure>\n<p style=\"text-align: justify;\"><strong>B\u00e1rbara Paz: <\/strong>Nascida em Campo Bom, Rio Grande do Sul, \u00e9 diretora e produtora, e tem tamb\u00e9m uma extensa carreira como atriz. Em 2019, seu primeiro document\u00e1rio, &#8220;Babenco \u2013 Algu\u00e9m Tem Que Ouvir o Cora\u00e7\u00e3o e Dizer: Parou&#8221;, ganhou o Le\u00e3o de Melhor Document\u00e1rio (Venice Classics) no 76\u00ba Festival Internacional de Cinema de Veneza. O filme tamb\u00e9m ganhou pr\u00eamios de melhor document\u00e1rio no Mumbai International Film Festival (MIFF, \u00cdndia), Festival Internacional de Cine de Vi\u00f1a del Mar (FICVI\u00d1A, Chile) e Guangzhou International Documentary Film Festival (GZDOC, China). Tamb\u00e9m foi a sele\u00e7\u00e3o oficial do Brasil para o Oscar de melhor filme estrangeiro (93rd Academy Awards).<\/p>\n<figure id=\"attachment_8625\" aria-describedby=\"caption-attachment-8625\" style=\"width: 150px\" class=\"wp-caption alignleft\"><img loading=\"lazy\" decoding=\"async\" class=\"wp-image-8625 size-thumbnail\" src=\"https:\/\/mixbrasil.org.br\/29\/wp-content\/uploads\/sites\/26\/2021\/11\/3.-Bruno-Carmelo-150x150.jpg\" alt=\"\" width=\"150\" height=\"150\" srcset=\"https:\/\/mixbrasil.org.br\/29\/wp-content\/uploads\/sites\/26\/2021\/11\/3.-Bruno-Carmelo-150x150.jpg 150w, https:\/\/mixbrasil.org.br\/29\/wp-content\/uploads\/sites\/26\/2021\/11\/3.-Bruno-Carmelo-300x300.jpg 300w, https:\/\/mixbrasil.org.br\/29\/wp-content\/uploads\/sites\/26\/2021\/11\/3.-Bruno-Carmelo-768x767.jpg 768w, https:\/\/mixbrasil.org.br\/29\/wp-content\/uploads\/sites\/26\/2021\/11\/3.-Bruno-Carmelo-696x695.jpg 696w, https:\/\/mixbrasil.org.br\/29\/wp-content\/uploads\/sites\/26\/2021\/11\/3.-Bruno-Carmelo-421x420.jpg 421w, https:\/\/mixbrasil.org.br\/29\/wp-content\/uploads\/sites\/26\/2021\/11\/3.-Bruno-Carmelo.jpg 800w\" sizes=\"auto, (max-width: 150px) 100vw, 150px\" \/><figcaption id=\"caption-attachment-8625\" class=\"wp-caption-text\">Bruno Carmelo<\/figcaption><\/figure>\n<p style=\"text-align: justify;\"><strong>Bruno Carmelo: <\/strong>Cr\u00edtico de cinema desde 2004, membro da Associa\u00e7\u00e3o Brasileira de Cr\u00edticos de Cinema (Abraccine). Mestre em Teoria de Cinema pela Universidade Sorbonne Nouvelle \u2013 Paris III. J\u00e1 passou por ve\u00edculos como AdoroCinema, Le Monde Diplomatique Brasil e Revista Universit\u00e1ria do Audiovisual (RUA). Professor de cursos sobre audiovisual e autor de artigos sobre cinema. Editor do Papo de Cinema. Film critic since 2004, member of the Brazilian Film Critics Association (Abraccine).<\/p>\n<div class=\"mceTemp\" style=\"text-align: justify;\"><\/div>\n<hr \/>\n<h3 style=\"text-align: justify;\"><strong>J\u00daRI COMPETITIVA BRASIL\u00a0 &#8211; CURTAS<\/strong><\/h3>\n<figure id=\"attachment_8636\" aria-describedby=\"caption-attachment-8636\" style=\"width: 150px\" class=\"wp-caption alignleft\"><img loading=\"lazy\" decoding=\"async\" class=\"wp-image-8636 size-thumbnail\" src=\"https:\/\/mixbrasil.org.br\/29\/wp-content\/uploads\/sites\/26\/2021\/11\/1.-Ana-Arruda-150x150.jpg\" alt=\"\" width=\"150\" height=\"150\" srcset=\"https:\/\/mixbrasil.org.br\/29\/wp-content\/uploads\/sites\/26\/2021\/11\/1.-Ana-Arruda-150x150.jpg 150w, https:\/\/mixbrasil.org.br\/29\/wp-content\/uploads\/sites\/26\/2021\/11\/1.-Ana-Arruda-300x301.jpg 300w, https:\/\/mixbrasil.org.br\/29\/wp-content\/uploads\/sites\/26\/2021\/11\/1.-Ana-Arruda-419x420.jpg 419w, https:\/\/mixbrasil.org.br\/29\/wp-content\/uploads\/sites\/26\/2021\/11\/1.-Ana-Arruda.jpg 499w\" sizes=\"auto, (max-width: 150px) 100vw, 150px\" \/><figcaption id=\"caption-attachment-8636\" class=\"wp-caption-text\">Ana Arruda<\/figcaption><\/figure>\n<p style=\"text-align: justify;\"><strong>Ana Arruda:<\/strong> Diretora do Festival Curta Bras\u00edlia e da S\u00e9tima Produ\u00e7\u00f5es Culturais. Realiza, como curadora e diretora art\u00edstica, projetos que unem cinema, artes, tecnologia e educa\u00e7\u00e3o. Tem se dedicado a eventos internacionais de realidade virtual e de narrativas imersivas. Sempre busca pautar e executar projetos que tenham a equidade de g\u00eanero e diversidade presente na equipe e na programa\u00e7\u00e3o.<\/p>\n<figure id=\"attachment_8638\" aria-describedby=\"caption-attachment-8638\" style=\"width: 150px\" class=\"wp-caption alignleft\"><img loading=\"lazy\" decoding=\"async\" class=\"wp-image-8638 size-thumbnail\" src=\"https:\/\/mixbrasil.org.br\/29\/wp-content\/uploads\/sites\/26\/2021\/11\/2.-Nay-Mendl-150x150.jpg\" alt=\"\" width=\"150\" height=\"150\" \/><figcaption id=\"caption-attachment-8638\" class=\"wp-caption-text\">Nay Mendl<\/figcaption><\/figure>\n<p style=\"text-align: justify;\"><strong>Nay Mendl:<\/strong> Cineasta perif\u00e9rico, transmasculino, graduado em Cinema e Audiovisual pela Universidade Federal da Integra\u00e7\u00e3o Latino-Americana (Unila) \u2013 com interc\u00e2mbio pela Universidad Nacional de Colombia \u2013 e cofundador do coletivo Maloka Filmes. \u00c9 diretor e roteirista do premiado curta &#8220;Perifericu&#8221; e pesquisador com estudos voltados para representa\u00e7\u00f5es de corpos trans no cinema. Busca descolonizar narrativas, no corre pelo cinema favelado transvestigenere latino-americano.<\/p>\n<figure id=\"attachment_8640\" aria-describedby=\"caption-attachment-8640\" style=\"width: 150px\" class=\"wp-caption alignleft\"><img loading=\"lazy\" decoding=\"async\" class=\"wp-image-8640 size-thumbnail\" src=\"https:\/\/mixbrasil.org.br\/29\/wp-content\/uploads\/sites\/26\/2021\/11\/3.-Victor-di-Marco-150x150.jpg\" alt=\"\" width=\"150\" height=\"150\" \/><figcaption id=\"caption-attachment-8640\" class=\"wp-caption-text\">Victor di Marco<\/figcaption><\/figure>\n<p style=\"text-align: justify;\"><strong>Victor Di Marco:<\/strong> Ator, diretor e roteirista. Com o curta &#8220;O Que Pode um Corpo?&#8221;, ganhou mais de 30 pr\u00eamios e foi indicado ao Grande Pr\u00eamio do Cinema Brasileiro. Atualmente finaliza seu pr\u00f3ximo curta, &#8220;Possa Poder&#8221;, e trabalha no desenvolvimento de seu primeiro longa-metragem, &#8220;N\u00f3s a S\u00f3s&#8221;, que participou do Curitiba_lab e foi um dos finalistas do Festival de Roteiro Audiovisual de Porto Alegre (FRAPA).<\/p>\n<hr \/>\n<h3 style=\"text-align: justify;\"><strong>J\u00daRI DRAM\u00c1TICA<\/strong><\/h3>\n<figure id=\"attachment_8648\" aria-describedby=\"caption-attachment-8648\" style=\"width: 150px\" class=\"wp-caption alignleft\"><img loading=\"lazy\" decoding=\"async\" class=\"wp-image-8648 size-thumbnail\" src=\"https:\/\/mixbrasil.org.br\/29\/wp-content\/uploads\/sites\/26\/2021\/11\/1.-Celso-Curi-150x150.jpg\" alt=\"\" width=\"150\" height=\"150\" \/><figcaption id=\"caption-attachment-8648\" class=\"wp-caption-text\">Celso Curi<\/figcaption><\/figure>\n<p style=\"text-align: justify;\"><strong>Celso Curi: <\/strong>Produtor, gestor cultural, tradutor e jornalista. Desde 1968 atua na a\u0301rea cultural. Diretor da OFF Produc\u0327o\u0303es Culturais. Criador e editor do OFF Guia de Teatro SP e RJ. Criador da &#8220;Coluna do Meio&#8221; no jornal U\u0301ltima Hora (1976 a 1979). Criador do Espac\u0327o OFF (1979 a 1993). Curador do Reside.FIT\/PE. Coordenador Nacional do Movimento Artigo Quinto \u2013 movimento de artistas contra a censura.<\/p>\n<figure id=\"attachment_8650\" aria-describedby=\"caption-attachment-8650\" style=\"width: 150px\" class=\"wp-caption alignleft\"><img loading=\"lazy\" decoding=\"async\" class=\"wp-image-8650 size-thumbnail\" src=\"https:\/\/mixbrasil.org.br\/29\/wp-content\/uploads\/sites\/26\/2021\/11\/2.-Helena-Vieira-150x150.jpg\" alt=\"\" width=\"150\" height=\"150\" \/><figcaption id=\"caption-attachment-8650\" class=\"wp-caption-text\">Helena Vieira<\/figcaption><\/figure>\n<p style=\"text-align: justify;\"><strong>Helena Vieira: <\/strong>Helena Vieira \u00e9 pesquisadora, transfeminista e escritora. Estudou Gest\u00e3o de Pol\u00edticas P\u00fablicas na Universidade de S\u00e3o Paulo (USP). Foi colunista da Revista F\u00f3rum e contribuiu com diversos meios de comunica\u00e7\u00e3o, como o HuffPost Brasil, Revista Galileu (mat\u00e9ria de capa sobre transexualidade), Cadernos Globo (&#8220;Corpo: Artigo Indefinido&#8221;), Revista Cult e blog Agora \u00c9 que S\u00e3o Elas da Folha de S.Paulo. Foi consultora na novela &#8220;A For\u00e7a do Querer&#8221;. Recentemente, foi coautora dos livros &#8220;Hist\u00f3ria do movimento LGBT no Brasil&#8221;, organizado por Renan Quinalha e James Green, &#8220;Explos\u00e3o Feminista&#8221;, organizado por Heloisa Buarque de Hollanda, &#8220;Tem sa\u00edda? \u2013 Ensaios cr\u00edticos sobre o Brasil&#8221;, organizado por Winnie Bueno, Rosana Pinheiro-Machado, Joanna Burigo e Esther Solano, e &#8220;Ningu\u00e9m Solta a M\u00e3o de Ningu\u00e9m: Um manifesto de resist\u00eancia&#8221;, da editora Claraboia. Dramaturga, fez parte do projeto premiado pela Focus Foundation na categoria Artes C\u00eanicas &#8220;Brazil Diversity&#8221;, em Londres, com a pe\u00e7a &#8220;Of\u00e9lia, the fat transexual&#8221;. Desenvolveu, junto ao Laborat\u00f3rio de Cria\u00e7\u00e3o do Porto Iracema das Artes, pesquisa dramat\u00fargica intitulada &#8220;Onde estavam as travestis durante a Ditadura?\u201d.<\/p>\n<figure id=\"attachment_8652\" aria-describedby=\"caption-attachment-8652\" style=\"width: 150px\" class=\"wp-caption alignleft\"><img loading=\"lazy\" decoding=\"async\" class=\"wp-image-8652 size-thumbnail\" src=\"https:\/\/mixbrasil.org.br\/29\/wp-content\/uploads\/sites\/26\/2021\/11\/3.-Natalia-Machiavelli-150x150.jpg\" alt=\"\" width=\"150\" height=\"150\" \/><figcaption id=\"caption-attachment-8652\" class=\"wp-caption-text\">Nat\u00e1lia Machiavelli<\/figcaption><\/figure>\n<p style=\"text-align: justify;\"><strong>Nat\u00e1lia Machiavelli:<\/strong> Nat\u00e1lia Machiavelli \u00e9 artista formada em Audiovisual pela Faculdade de Artes Gerrit Rietveld, em Amsterdam. Atua profissionalmente na m\u00fasica, no teatro e no audiovisual. \u00c9 diretora e idealizadora da Plataforma Virtual MIT+, o eixo virtual da MITsp \u2013 Mostra Internacional de Teatro de S\u00e3o Paulo (<a href=\"https:\/\/mitmais.org\">https:\/\/mitmais.org<\/a>). Em fevereiro de 2021, lan\u00e7ou o \u00e1lbum autoral &#8220;Phya Natashka&#8221; (<a href=\"https:\/\/tratore.ffm.to\/natalia-machiavelli\">https:\/\/tratore.ffm.to\/natalia-machiavelli<\/a>).<\/p>\n","protected":false},"excerpt":{"rendered":"<p>J\u00daRI COMPETITIVA BRASIL\u00a0 &#8211; LONGAS Alberto Pereira Jr: Apresentador, diretor e roteirista do programa &#8220;Trace Trends&#8221;, exibido no Multishow e no Globoplay. Recentemente, lan\u00e7ou o document\u00e1rio \u201cIsmael Vivo\u201d, na TV Cultura. Concebeu e dirigiu o document\u00e1rio \u201cEu Vos Declaro&#8230;\u201d (2012), sobre fam\u00edlias LGBTQIA+. Artista social, ator e jornalista, busca a intersec\u00e7\u00e3o entre temas como afetividade, [&hellip;]<\/p>\n","protected":false},"author":12,"featured_media":8565,"comment_status":"open","ping_status":"closed","sticky":false,"template":"","format":"standard","meta":{"footnotes":""},"categories":[4],"tags":[],"class_list":{"0":"post-8620","1":"post","2":"type-post","3":"status-publish","4":"format-standard","5":"has-post-thumbnail","7":"category-festival-mix-brasil-2021"},"_links":{"self":[{"href":"https:\/\/mixbrasil.org.br\/29\/wp-json\/wp\/v2\/posts\/8620","targetHints":{"allow":["GET"]}}],"collection":[{"href":"https:\/\/mixbrasil.org.br\/29\/wp-json\/wp\/v2\/posts"}],"about":[{"href":"https:\/\/mixbrasil.org.br\/29\/wp-json\/wp\/v2\/types\/post"}],"author":[{"embeddable":true,"href":"https:\/\/mixbrasil.org.br\/29\/wp-json\/wp\/v2\/users\/12"}],"replies":[{"embeddable":true,"href":"https:\/\/mixbrasil.org.br\/29\/wp-json\/wp\/v2\/comments?post=8620"}],"version-history":[{"count":2,"href":"https:\/\/mixbrasil.org.br\/29\/wp-json\/wp\/v2\/posts\/8620\/revisions"}],"predecessor-version":[{"id":9872,"href":"https:\/\/mixbrasil.org.br\/29\/wp-json\/wp\/v2\/posts\/8620\/revisions\/9872"}],"wp:featuredmedia":[{"embeddable":true,"href":"https:\/\/mixbrasil.org.br\/29\/wp-json\/wp\/v2\/media\/8565"}],"wp:attachment":[{"href":"https:\/\/mixbrasil.org.br\/29\/wp-json\/wp\/v2\/media?parent=8620"}],"wp:term":[{"taxonomy":"category","embeddable":true,"href":"https:\/\/mixbrasil.org.br\/29\/wp-json\/wp\/v2\/categories?post=8620"},{"taxonomy":"post_tag","embeddable":true,"href":"https:\/\/mixbrasil.org.br\/29\/wp-json\/wp\/v2\/tags?post=8620"}],"curies":[{"name":"wp","href":"https:\/\/api.w.org\/{rel}","templated":true}]}}