{"id":10,"count":4,"description":"Uma incr\u00edvel sele\u00e7\u00e3o de curtas LGBTQIA+ iranianos que mostra, apesar das restri\u00e7\u00f5es e tabus do pa\u00eds, o vigor e a intensidade do cinema do Ir\u00e3.\n\n15 NOV | TER\u00c7A-FEIRA @\u00a0CINESESC\n20h30 \u2013\u00a0curtas: CONTOS DA P\u00c9RSIA\u00a0(76\u2032) \u2013 14 anos\n\n19 NOV | S\u00c1BADO @\u00a0SPCINE \u2013 CCSP Lima Barreto\n17h30 \u2013 curtas: CONTOS DA P\u00c9RSIA\u00a0(76\u2032) \u2013 14 anos","link":"https:\/\/mixbrasil.org.br\/30\/category\/curtas-mixbrasil\/contos-da-persia\/","name":"curtas: CONTOS DA P\u00c9RSIA","slug":"contos-da-persia","taxonomy":"category","parent":7,"meta":[],"_links":{"self":[{"href":"https:\/\/mixbrasil.org.br\/30\/wp-json\/wp\/v2\/categories\/10","targetHints":{"allow":["GET"]}}],"collection":[{"href":"https:\/\/mixbrasil.org.br\/30\/wp-json\/wp\/v2\/categories"}],"about":[{"href":"https:\/\/mixbrasil.org.br\/30\/wp-json\/wp\/v2\/taxonomies\/category"}],"up":[{"embeddable":true,"href":"https:\/\/mixbrasil.org.br\/30\/wp-json\/wp\/v2\/categories\/7"}],"wp:post_type":[{"href":"https:\/\/mixbrasil.org.br\/30\/wp-json\/wp\/v2\/posts?categories=10"}],"curies":[{"name":"wp","href":"https:\/\/api.w.org\/{rel}","templated":true}]}}