{"id":124,"date":"2022-10-22T21:42:17","date_gmt":"2022-10-23T00:42:17","guid":{"rendered":"https:\/\/bkp.brainwp.com.br\/mix30\/?p=124"},"modified":"2025-05-10T18:33:43","modified_gmt":"2025-05-10T21:33:43","slug":"noite-chinesa","status":"publish","type":"post","link":"https:\/\/mixbrasil.org.br\/30\/noite-chinesa\/","title":{"rendered":"Noite Chinesa"},"content":{"rendered":"<p><strong>16 NOV | QUARTA-FEIRA @ <a href=\"http:\/\/centrocultural.sp.gov.br\/\">SPCINE \u2013 CCSP Lima Barreto<\/a><\/strong><br \/>\n19h30 \u2013\u00a0<a href=\"https:\/\/bkp.brainwp.com.br\/mix30\/category\/cinema\/reframe\/\">curtas: REFRAME<\/a>\u00a0(59\u2032) \u2013 16 anos<\/p>\n<p><strong>18 NOV | SEXTA-FEIRA @ <a href=\"http:\/\/centrocultural.sp.gov.br\/\">SPCINE \u2013 CCSP Paulo Emilio<\/a><br \/>\n<\/strong>16h00 \u2013\u00a0<a href=\"https:\/\/bkp.brainwp.com.br\/mix30\/category\/cinema\/reframe\/\">curtas: REFRAME<\/a>\u00a0(59\u2032) \u2013 16 anos<\/p>\n<p><strong>* Tamb\u00e9m dispon\u00edvel online de 14\/11 a 23\/11 na plataforma <a class=\"waffle-rich-text-link\" href=\"https:\/\/www.spcineplay.com.br\/\">Spcine Play<\/a><\/strong><\/p>\n<hr \/>\n<p style=\"text-align: justify\">#cinema #gay #tech #experimental #fran\u00e7a #tens\u00e3o #tes\u00e3o<\/p>\n<p style=\"text-align: justify\"><strong>Fran\u00e7a &#8211; 2021, 14&#8242;<\/strong><br \/>\n<strong>Dire\u00e7\u00e3o: Nicolas Medy<\/strong><br \/>\n<strong>Classifica\u00e7\u00e3o: 14 anos\u00a0<\/strong><\/p>\n<p style=\"text-align: justify\">Sinopse: <em>Karim \u00e9 um jovem diretor queer de fic\u00e7\u00e3o cient\u00edfica. A dor causada pelo rompimento com Paul o impede de escrever o roteiro de seu novo filme, &#8220;Noite Chinesa&#8221;. A partir do conselho de sua m\u00e3e, ele tenta seguir em frente colocando de lado a fic\u00e7\u00e3o cientifica para escrever uma hist\u00f3ria de amor. Numa tarde, em um caf\u00e9, ele encontra o her\u00f3i de seu filme, Fouad, e se apaixona.<\/em><\/p>\n<p><iframe loading=\"lazy\" title=\"NUIT DE CHINE - extrait\" src=\"https:\/\/player.vimeo.com\/video\/568136227?h=19b98f0b3e&amp;dnt=1&amp;app_id=122963\" width=\"696\" height=\"392\" frameborder=\"0\" allow=\"autoplay; fullscreen; picture-in-picture\" allowfullscreen><\/iframe><\/p>\n","protected":false},"excerpt":{"rendered":"<p>16 NOV | QUARTA-FEIRA @ SPCINE \u2013 CCSP Lima Barreto 19h30 \u2013\u00a0curtas: REFRAME\u00a0(59\u2032) \u2013 16 anos 18 NOV | SEXTA-FEIRA @ SPCINE \u2013 CCSP Paulo Emilio 16h00 \u2013\u00a0curtas: REFRAME\u00a0(59\u2032) \u2013 16 anos * Tamb\u00e9m dispon\u00edvel online de 14\/11 a 23\/11 na plataforma Spcine Play #cinema #gay #tech #experimental #fran\u00e7a #tens\u00e3o #tes\u00e3o Fran\u00e7a &#8211; 2021, 14&#8242; [&hellip;]<\/p>\n","protected":false},"author":12,"featured_media":125,"comment_status":"open","ping_status":"closed","sticky":false,"template":"","format":"standard","meta":{"footnotes":""},"categories":[35,307],"tags":[156,282,283,285,98,133,151],"class_list":{"0":"post-124","1":"post","2":"type-post","3":"status-publish","4":"format-standard","5":"has-post-thumbnail","7":"category-mundo-mix-franca","8":"category-reframe","9":"tag-gay","10":"tag-tech-en","11":"tag-tensao","12":"tag-tesao","13":"tag-cinema","14":"tag-experimental","15":"tag-franca"},"_links":{"self":[{"href":"https:\/\/mixbrasil.org.br\/30\/wp-json\/wp\/v2\/posts\/124","targetHints":{"allow":["GET"]}}],"collection":[{"href":"https:\/\/mixbrasil.org.br\/30\/wp-json\/wp\/v2\/posts"}],"about":[{"href":"https:\/\/mixbrasil.org.br\/30\/wp-json\/wp\/v2\/types\/post"}],"author":[{"embeddable":true,"href":"https:\/\/mixbrasil.org.br\/30\/wp-json\/wp\/v2\/users\/12"}],"replies":[{"embeddable":true,"href":"https:\/\/mixbrasil.org.br\/30\/wp-json\/wp\/v2\/comments?post=124"}],"version-history":[{"count":1,"href":"https:\/\/mixbrasil.org.br\/30\/wp-json\/wp\/v2\/posts\/124\/revisions"}],"predecessor-version":[{"id":2561,"href":"https:\/\/mixbrasil.org.br\/30\/wp-json\/wp\/v2\/posts\/124\/revisions\/2561"}],"wp:featuredmedia":[{"embeddable":true,"href":"https:\/\/mixbrasil.org.br\/30\/wp-json\/wp\/v2\/media\/125"}],"wp:attachment":[{"href":"https:\/\/mixbrasil.org.br\/30\/wp-json\/wp\/v2\/media?parent=124"}],"wp:term":[{"taxonomy":"category","embeddable":true,"href":"https:\/\/mixbrasil.org.br\/30\/wp-json\/wp\/v2\/categories?post=124"},{"taxonomy":"post_tag","embeddable":true,"href":"https:\/\/mixbrasil.org.br\/30\/wp-json\/wp\/v2\/tags?post=124"}],"curies":[{"name":"wp","href":"https:\/\/api.w.org\/{rel}","templated":true}]}}