{"id":130,"date":"2022-10-22T21:56:33","date_gmt":"2022-10-22T21:56:33","guid":{"rendered":"https:\/\/bkp.brainwp.com.br\/mix30\/?p=130"},"modified":"2022-10-22T21:56:33","modified_gmt":"2022-10-22T21:56:33","slug":"corpolitica","status":"publish","type":"post","link":"https:\/\/mixbrasil.org.br\/30\/corpolitica\/","title":{"rendered":"Corpol\u00edtica"},"content":{"rendered":"<p><strong>16 NOV | QUARTA-FEIRA @\u00a0<\/strong><a href=\"https:\/\/www.sescsp.org.br\/unidades\/cinesesc\/\"><strong>CINESESC<\/strong><\/a><br \/>\n20h30 \u2013\u00a0<a href=\"https:\/\/bkp.brainwp.com.br\/mix30\/cinema\/queer-doc\/corpolitica\/\">Corpol\u00edtica<\/a>\u00a0(102\u2032) \u2013 Livre<\/p>\n<p><strong>19 NOV | S\u00c1BADO @ <a href=\"http:\/\/centrocultural.sp.gov.br\/\">SPCINE \u2013 CCSP Paulo Emilio<\/a><\/strong><br \/>\n18h00 \u2013\u00a0<a href=\"https:\/\/bkp.brainwp.com.br\/mix30\/cinema\/queer-doc\/corpolitica\/\">Corpol\u00edtica<\/a>\u00a0(102\u2032) \u2013 Livre<\/p>\n<hr \/>\n<p style=\"text-align: justify\">#cinema #hist\u00f3riaLGBT #negritude #milit\u00e2ncia #brasil #SP #RJ #formativo #documental #inten\u00e7\u00e3o #tens\u00e3o<\/p>\n<p style=\"text-align: justify\"><strong>Brasil, RJ\/SP, 2022, 102&#8242;<\/strong><br \/>\n<strong>Dire\u00e7\u00e3o: Pedro Henrique Fran\u00e7a <\/strong><br \/>\n<strong>Classifica\u00e7\u00e3o: Livre<\/strong><\/p>\n<p style=\"text-align: justify\">Sinopse: <em>O document\u00e1rio investiga a sub-representatividade LGBTQIA+ na pol\u00edtica institucional no Brasil, pa\u00eds que mais mata pessoas LGBTQIA+ no mundo. Em um cen\u00e1rio global de ascens\u00e3o da extrema-direita ao poder e diante de um recorde de candidaturas LGBTQIA+ nas elei\u00e7\u00f5es brasileiras de 2020, candidatos e pol\u00edticos LGBTQIA+ relatam suas experi\u00eancias e viol\u00eancias dentro de seus processos de afirma\u00e7\u00e3o e luta por direitos.<\/em><\/p>\n<p><iframe loading=\"lazy\" title=\"Corpoli\u0301tica (trailer).mp4\" src=\"https:\/\/player.vimeo.com\/video\/759603345?h=529e9ff23d&amp;dnt=1&amp;app_id=122963\" width=\"696\" height=\"392\" frameborder=\"0\" allow=\"autoplay; fullscreen; picture-in-picture\" allowfullscreen><\/iframe><\/p>\n<p style=\"text-align: justify\">Elenco\/Cast: Erika Hilton, Monica Benicio, Andr\u00e9a Bak, William De Lucca, Fernando Holiday, Thammy Miranda, Jean Wyllys, Erica Malunguinho<br \/>\nRoteiro\/Screenplay: Pedro Henrique Fran\u00e7a<br \/>\nFotografia\/Cinematography: Dudu Mafra<br \/>\nMontagem\/Editing: Bem Medeiros, APTA<br \/>\nSom\/Sound: Anne Santos<br \/>\nProdu\u00e7\u00e3o\/Production: Marco Pigossi, Pedro Henrique Fran\u00e7a, Nath\u00e1lia Robeiro \/ Pigossi Produ\u00e7\u00f5es Art\u00edsticas<\/p>\n<p><strong>FILMOGRAFIA<\/strong><\/p>\n<p>2009 Ecos<\/p>\n","protected":false},"excerpt":{"rendered":"<p>16 NOV | QUARTA-FEIRA @\u00a0CINESESC 20h30 \u2013\u00a0Corpol\u00edtica\u00a0(102\u2032) \u2013 Livre 19 NOV | S\u00c1BADO @ SPCINE \u2013 CCSP Paulo Emilio 18h00 \u2013\u00a0Corpol\u00edtica\u00a0(102\u2032) \u2013 Livre #cinema #hist\u00f3riaLGBT #negritude #milit\u00e2ncia #brasil #SP #RJ #formativo #documental #inten\u00e7\u00e3o #tens\u00e3o Brasil, RJ\/SP, 2022, 102&#8242; Dire\u00e7\u00e3o: Pedro Henrique Fran\u00e7a Classifica\u00e7\u00e3o: Livre Sinopse: O document\u00e1rio investiga a sub-representatividade LGBTQIA+ na pol\u00edtica institucional no [&hellip;]<\/p>\n","protected":false},"author":12,"featured_media":131,"comment_status":"open","ping_status":"closed","sticky":false,"template":"","format":"standard","meta":{"footnotes":""},"categories":[39],"tags":[90,98,120,150,164,181,208,222,256,272,283],"class_list":{"0":"post-130","1":"post","2":"type-post","3":"status-publish","4":"format-standard","5":"has-post-thumbnail","7":"category-queer-doc-br","8":"tag-brasil","9":"tag-cinema","10":"tag-documental","11":"tag-formativo","12":"tag-historialgbt","13":"tag-intencao","14":"tag-militancia","15":"tag-negritude","16":"tag-rj","17":"tag-sp-en","18":"tag-tensao"},"_links":{"self":[{"href":"https:\/\/mixbrasil.org.br\/30\/wp-json\/wp\/v2\/posts\/130","targetHints":{"allow":["GET"]}}],"collection":[{"href":"https:\/\/mixbrasil.org.br\/30\/wp-json\/wp\/v2\/posts"}],"about":[{"href":"https:\/\/mixbrasil.org.br\/30\/wp-json\/wp\/v2\/types\/post"}],"author":[{"embeddable":true,"href":"https:\/\/mixbrasil.org.br\/30\/wp-json\/wp\/v2\/users\/12"}],"replies":[{"embeddable":true,"href":"https:\/\/mixbrasil.org.br\/30\/wp-json\/wp\/v2\/comments?post=130"}],"version-history":[{"count":0,"href":"https:\/\/mixbrasil.org.br\/30\/wp-json\/wp\/v2\/posts\/130\/revisions"}],"wp:featuredmedia":[{"embeddable":true,"href":"https:\/\/mixbrasil.org.br\/30\/wp-json\/wp\/v2\/media\/131"}],"wp:attachment":[{"href":"https:\/\/mixbrasil.org.br\/30\/wp-json\/wp\/v2\/media?parent=130"}],"wp:term":[{"taxonomy":"category","embeddable":true,"href":"https:\/\/mixbrasil.org.br\/30\/wp-json\/wp\/v2\/categories?post=130"},{"taxonomy":"post_tag","embeddable":true,"href":"https:\/\/mixbrasil.org.br\/30\/wp-json\/wp\/v2\/tags?post=130"}],"curies":[{"name":"wp","href":"https:\/\/api.w.org\/{rel}","templated":true}]}}