{"id":136,"date":"2022-10-22T22:03:05","date_gmt":"2022-10-22T22:03:05","guid":{"rendered":"https:\/\/bkp.brainwp.com.br\/mix30\/?p=136"},"modified":"2022-10-22T22:03:05","modified_gmt":"2022-10-22T22:03:05","slug":"nao-e-a-primeira-vez-que-lutamos-pelo-nosso-amor","status":"publish","type":"post","link":"https:\/\/mixbrasil.org.br\/30\/nao-e-a-primeira-vez-que-lutamos-pelo-nosso-amor\/","title":{"rendered":"N\u00e3o \u00e9 a Primeira Vez que Lutamos pelo Nosso Amor"},"content":{"rendered":"<p><strong>17 NOV | QUINTA-FEIRA @\u00a0<\/strong><a href=\"https:\/\/www.sescsp.org.br\/unidades\/cinesesc\/\"><strong>CINESESC<\/strong><\/a><br \/>\n15h30 \u2013\u00a0<a href=\"https:\/\/bkp.brainwp.com.br\/mix30\/cinema\/queer-doc\/nao-e-a-primeira-vez-que-lutamos-pelo-nosso-amor\/\">N\u00e3o \u00e9 a Primeira Vez que Lutamos pelo Nosso Amor<\/a>\u00a0(105\u2032) \u2013 Livre<\/p>\n<p><strong>18 NOV | SEXTA-FEIRA @ <a href=\"http:\/\/centrocultural.sp.gov.br\/\">SPCINE \u2013 CCSP Paulo Emilio<\/a><\/strong><br \/>\n18h00 \u2013\u00a0<a href=\"https:\/\/bkp.brainwp.com.br\/mix30\/cinema\/queer-doc\/nao-e-a-primeira-vez-que-lutamos-pelo-nosso-amor\/\">N\u00e3o \u00e9 a Primeira Vez que Lutamos pelo Nosso Amor<\/a>\u00a0(105\u2032) \u2013 Livre<\/p>\n<p><strong>* Tamb\u00e9m dispon\u00edvel online de 14\/11 a 23\/11 na plataforma <a class=\"waffle-rich-text-link\" href=\"https:\/\/www.spcineplay.com.br\/\">Spcine Play<\/a><\/strong><\/p>\n<hr \/>\n<p style=\"text-align: justify\">#cinema #hist\u00f3riaLGBT #milit\u00e2ncia #brasil #RJ #formativo #documental #inten\u00e7\u00e3o #tens\u00e3o<\/p>\n<p style=\"text-align: justify\"><strong>Brasil, RJ, 2022, 105&#8242;<\/strong><br \/>\n<strong>Dire\u00e7\u00e3o: Luis Carlos de Alencar <\/strong><br \/>\n<strong>Classifica\u00e7\u00e3o: Livre<\/strong><\/p>\n<p style=\"text-align: justify\">Sinopse: <em>O document\u00e1rio conta as hist\u00f3rias de persegui\u00e7\u00e3o e viol\u00eancia quando a ditadura civil-militar brasileira atuou contra a popula\u00e7\u00e3o LGBT e como esse mesmo grupo constituiu suas resist\u00eancias, transformando-se em sujeito fundamental do processo de redemocratiza\u00e7\u00e3o. O golpe de 64 n\u00e3o instaura esse preconceito, mas, nesse per\u00edodo, a popula\u00e7\u00e3o LGBT foi considerada inimiga da fam\u00edlia tradicional, da moral e dos bons costumes.<\/em><\/p>\n<div class=\"youtube-embed\" data-video_id=\"IwcOO1kyHnA\"><iframe loading=\"lazy\" title=\"Teaser: N\u00c3O \u00c9 A PRIMEIRA VEZ QUE LUTAMOS PELO NOSSO AMOR\" width=\"696\" height=\"392\" src=\"https:\/\/www.youtube.com\/embed\/IwcOO1kyHnA?feature=oembed&#038;enablejsapi=1\" frameborder=\"0\" allow=\"accelerometer; autoplay; clipboard-write; encrypted-media; gyroscope; picture-in-picture\" allowfullscreen><\/iframe><\/div>\n<p style=\"text-align: justify\">Elenco\/Cast: Jo\u00e3o Silv\u00e9rio Trevisan, Renan Quinalha, Glauco Mattoso, James Green, Rita Cola\u00e7o, Marisa Fernandes, Luiz Mott, Sissy Kelly, Anyky Lima, L\u00e9o Moreira S\u00e1, Roberta Brussy, Nero, Yone Lindgren, Jane di Castro<br \/>\nRoteiro\/Screenplay: Luis Carlos de Alencar<br \/>\nFotografia\/Cinematography: Paula Monte<br \/>\nMontagem\/Editing: Luciano Carneiro, Ricardo Moreira<br \/>\nSom\/Sound: Karen Suzane<br \/>\nProdu\u00e7\u00e3o\/Production: Vladimir Seixas, Vitor Medeiros \/ Couro de Rato<\/p>\n<p><strong>FILMOGRAFIA<\/strong><\/p>\n<p>2021 Genoc\u00eddio e Movimentos<br \/>\n2019 Homens Invis\u00edveis<br \/>\n2016 Contagem Regressiva<br \/>\n2007 Bombadeira<\/p>\n","protected":false},"excerpt":{"rendered":"<p>17 NOV | QUINTA-FEIRA @\u00a0CINESESC 15h30 \u2013\u00a0N\u00e3o \u00e9 a Primeira Vez que Lutamos pelo Nosso Amor\u00a0(105\u2032) \u2013 Livre 18 NOV | SEXTA-FEIRA @ SPCINE \u2013 CCSP Paulo Emilio 18h00 \u2013\u00a0N\u00e3o \u00e9 a Primeira Vez que Lutamos pelo Nosso Amor\u00a0(105\u2032) \u2013 Livre * Tamb\u00e9m dispon\u00edvel online de 14\/11 a 23\/11 na plataforma Spcine Play #cinema #hist\u00f3riaLGBT [&hellip;]<\/p>\n","protected":false},"author":12,"featured_media":137,"comment_status":"open","ping_status":"closed","sticky":false,"template":"","format":"standard","meta":{"footnotes":""},"categories":[39],"tags":[90,98,120,150,164,181,208,256,283],"class_list":{"0":"post-136","1":"post","2":"type-post","3":"status-publish","4":"format-standard","5":"has-post-thumbnail","7":"category-queer-doc-br","8":"tag-brasil","9":"tag-cinema","10":"tag-documental","11":"tag-formativo","12":"tag-historialgbt","13":"tag-intencao","14":"tag-militancia","15":"tag-rj","16":"tag-tensao"},"_links":{"self":[{"href":"https:\/\/mixbrasil.org.br\/30\/wp-json\/wp\/v2\/posts\/136","targetHints":{"allow":["GET"]}}],"collection":[{"href":"https:\/\/mixbrasil.org.br\/30\/wp-json\/wp\/v2\/posts"}],"about":[{"href":"https:\/\/mixbrasil.org.br\/30\/wp-json\/wp\/v2\/types\/post"}],"author":[{"embeddable":true,"href":"https:\/\/mixbrasil.org.br\/30\/wp-json\/wp\/v2\/users\/12"}],"replies":[{"embeddable":true,"href":"https:\/\/mixbrasil.org.br\/30\/wp-json\/wp\/v2\/comments?post=136"}],"version-history":[{"count":0,"href":"https:\/\/mixbrasil.org.br\/30\/wp-json\/wp\/v2\/posts\/136\/revisions"}],"wp:featuredmedia":[{"embeddable":true,"href":"https:\/\/mixbrasil.org.br\/30\/wp-json\/wp\/v2\/media\/137"}],"wp:attachment":[{"href":"https:\/\/mixbrasil.org.br\/30\/wp-json\/wp\/v2\/media?parent=136"}],"wp:term":[{"taxonomy":"category","embeddable":true,"href":"https:\/\/mixbrasil.org.br\/30\/wp-json\/wp\/v2\/categories?post=136"},{"taxonomy":"post_tag","embeddable":true,"href":"https:\/\/mixbrasil.org.br\/30\/wp-json\/wp\/v2\/tags?post=136"}],"curies":[{"name":"wp","href":"https:\/\/api.w.org\/{rel}","templated":true}]}}