{"id":157,"date":"2022-10-22T22:32:21","date_gmt":"2022-10-22T22:32:21","guid":{"rendered":"https:\/\/bkp.brainwp.com.br\/mix30\/?p=157"},"modified":"2022-10-22T22:32:21","modified_gmt":"2022-10-22T22:32:21","slug":"filhos-da-noite","status":"publish","type":"post","link":"https:\/\/mixbrasil.org.br\/30\/filhos-da-noite\/","title":{"rendered":"Filhos da Noite"},"content":{"rendered":"<p><strong>17 NOV | QUINTA-FEIRA @ <a href=\"http:\/\/centrocultural.sp.gov.br\/\">SPCINE \u2013 CCSP Paulo Emilio<\/a><br \/>\n<\/strong>16h00 \u2013\u00a0<a href=\"https:\/\/bkp.brainwp.com.br\/mix30\/category\/cinema\/queer-doc\/\">curtas: QUEER.DOC<\/a>\u00a0(96\u2032) \u2013 18 anos<\/p>\n<p><strong>20 NOV | DOMINGO @ <a href=\"http:\/\/centrocultural.sp.gov.br\/\">SPCINE \u2013 CCSP Paulo Emilio<\/a><\/strong><br \/>\n20h00 \u2013\u00a0<a href=\"https:\/\/bkp.brainwp.com.br\/mix30\/category\/cinema\/queer-doc\/\">curtas: QUEER.DOC<\/a>\u00a0(96\u2032) \u2013 18 anos<\/p>\n<p><strong>* Tamb\u00e9m dispon\u00edvel online de 14\/11 a 23\/11 na plataforma <a class=\"waffle-rich-text-link\" href=\"https:\/\/www.spcineplay.com.br\/\">Spcine Play<\/a><\/strong><\/p>\n<hr \/>\n<p style=\"text-align: justify\">#gay #hist\u00f3riaLGBT #brasil #PE #formativo #documental<\/p>\n<p style=\"text-align: justify\"><strong>Brasil, Recife-PE, 2022, 16&#8242;<\/strong><br \/>\n<strong>Dire\u00e7\u00e3o: Henrique Arruda <\/strong><br \/>\n<strong>Classifica\u00e7\u00e3o: 12 anos<\/strong><\/p>\n<p style=\"text-align: justify\">Sinopse:<em> Sete homens gays entre 50 e 70 anos compartilham suas mem\u00f3rias, viv\u00eancias, e imagens noturnas, questionando-se sobre qual lugar seus corpos ocupam agora.<\/em><\/p>\n<p><iframe loading=\"lazy\" title=\"[trailer] filhos da noite\" src=\"https:\/\/player.vimeo.com\/video\/709131333?h=5cb030c8b1&amp;dnt=1&amp;app_id=122963\" width=\"696\" height=\"392\" frameborder=\"0\" allow=\"autoplay; fullscreen; picture-in-picture\" allowfullscreen><\/iframe><\/p>\n","protected":false},"excerpt":{"rendered":"<p>17 NOV | QUINTA-FEIRA @ SPCINE \u2013 CCSP Paulo Emilio 16h00 \u2013\u00a0curtas: QUEER.DOC\u00a0(96\u2032) \u2013 18 anos 20 NOV | DOMINGO @ SPCINE \u2013 CCSP Paulo Emilio 20h00 \u2013\u00a0curtas: QUEER.DOC\u00a0(96\u2032) \u2013 18 anos * Tamb\u00e9m dispon\u00edvel online de 14\/11 a 23\/11 na plataforma Spcine Play #gay #hist\u00f3riaLGBT #brasil #PE #formativo #documental Brasil, Recife-PE, 2022, 16&#8242; Dire\u00e7\u00e3o: [&hellip;]<\/p>\n","protected":false},"author":12,"featured_media":158,"comment_status":"open","ping_status":"closed","sticky":false,"template":"","format":"standard","meta":{"footnotes":""},"categories":[39],"tags":[90,120,150,156,164,233],"class_list":{"0":"post-157","1":"post","2":"type-post","3":"status-publish","4":"format-standard","5":"has-post-thumbnail","7":"category-queer-doc-br","8":"tag-brasil","9":"tag-documental","10":"tag-formativo","11":"tag-gay","12":"tag-historialgbt","13":"tag-pe-en"},"_links":{"self":[{"href":"https:\/\/mixbrasil.org.br\/30\/wp-json\/wp\/v2\/posts\/157","targetHints":{"allow":["GET"]}}],"collection":[{"href":"https:\/\/mixbrasil.org.br\/30\/wp-json\/wp\/v2\/posts"}],"about":[{"href":"https:\/\/mixbrasil.org.br\/30\/wp-json\/wp\/v2\/types\/post"}],"author":[{"embeddable":true,"href":"https:\/\/mixbrasil.org.br\/30\/wp-json\/wp\/v2\/users\/12"}],"replies":[{"embeddable":true,"href":"https:\/\/mixbrasil.org.br\/30\/wp-json\/wp\/v2\/comments?post=157"}],"version-history":[{"count":0,"href":"https:\/\/mixbrasil.org.br\/30\/wp-json\/wp\/v2\/posts\/157\/revisions"}],"wp:featuredmedia":[{"embeddable":true,"href":"https:\/\/mixbrasil.org.br\/30\/wp-json\/wp\/v2\/media\/158"}],"wp:attachment":[{"href":"https:\/\/mixbrasil.org.br\/30\/wp-json\/wp\/v2\/media?parent=157"}],"wp:term":[{"taxonomy":"category","embeddable":true,"href":"https:\/\/mixbrasil.org.br\/30\/wp-json\/wp\/v2\/categories?post=157"},{"taxonomy":"post_tag","embeddable":true,"href":"https:\/\/mixbrasil.org.br\/30\/wp-json\/wp\/v2\/tags?post=157"}],"curies":[{"name":"wp","href":"https:\/\/api.w.org\/{rel}","templated":true}]}}