{"id":172,"date":"2022-10-22T22:59:22","date_gmt":"2022-10-22T22:59:22","guid":{"rendered":"https:\/\/bkp.brainwp.com.br\/mix30\/?p=172"},"modified":"2022-10-22T22:59:22","modified_gmt":"2022-10-22T22:59:22","slug":"anima-os-vestidos-do-meu-pai","status":"publish","type":"post","link":"https:\/\/mixbrasil.org.br\/30\/anima-os-vestidos-do-meu-pai\/","title":{"rendered":"Anima &#8211; Os Vestidos do Meu Pai"},"content":{"rendered":"<p><strong>15 NOV | TER\u00c7A-FEIRA @\u00a0<\/strong><a href=\"https:\/\/www.sescsp.org.br\/unidades\/cinesesc\/\"><strong>CINESESC<\/strong><\/a><br \/>\n15h30 \u2013\u00a0<a href=\"https:\/\/bkp.brainwp.com.br\/mix30\/cinema\/panorama-internacional\/anima-os-vestidos-do-meu-pai\/\">Anima \u2013 Os Vestidos do Meu Pai<\/a>\u00a0(94\u2032) \u2013 Livre<\/p>\n<p><strong>17 NOV | QUINTA-FEIRA @<\/strong><a href=\"https:\/\/www.sescsp.org.br\/unidades\/cinesesc\/\"><strong>CINESESC<\/strong><\/a><br \/>\n20h30 \u2013 <a href=\"https:\/\/bkp.brainwp.com.br\/mix30\/cinema\/panorama-internacional\/anima-os-vestidos-do-meu-pai\/\">Anima \u2013 Os Vestidos do Meu Pai<\/a>\u00a0(94\u2032) \u2013 Livre<\/p>\n<p><strong>19 NOV | S\u00c1BADO @<\/strong><a href=\"https:\/\/www.sescsp.org.br\/unidades\/cinesesc\/\"><strong>CINESESC<\/strong><\/a><br \/>\n15h30 \u2013\u00a0<a href=\"https:\/\/bkp.brainwp.com.br\/mix30\/cinema\/panorama-internacional\/anima-os-vestidos-do-meu-pai\/\">Anima \u2013 Os Vestidos do Meu Pai<\/a>\u00a0(94\u2032) \u2013 Livre<\/p>\n<hr \/>\n<p style=\"text-align: justify\">#cinema #queer #fam\u00edlia #alemanha #documental<\/p>\n<p style=\"text-align: justify\"><strong>Alemanha &#8211; 2022, 94&#8242;<\/strong><br \/>\n<strong>Dire\u00e7\u00e3o: Uli Decker <\/strong><br \/>\n<strong>Classifica\u00e7\u00e3o: Livre<\/strong><\/p>\n<p style=\"text-align: justify\">Sinopse: <em>A pequena Uli quer se tornar pirata ou papisa, mas de jeito nenhum enquadrar-se nos modelos estereotipados da sua cidade natal b\u00e1vara. Depois da morte de seu pai, sua m\u00e3e lhe entrega a caixa &#8220;secreta&#8221; dele como heran\u00e7a. O conte\u00fado de repente muda a forma como ela via o pai, a si pr\u00f3pria, sua fam\u00edlia e a sociedade na qual cresceu. Uma hist\u00f3ria real sobre segredos de fam\u00edlia, assuntos sobre g\u00eanero e a agita\u00e7\u00e3o que o amor traz \u2013 contada como um passeio de montanha-russa atrav\u00e9s de t\u00e9cnicas de anima\u00e7\u00e3o e imagens documentais.<\/em><\/p>\n<div class=\"youtube-embed\" data-video_id=\"l96dVgzy-MY\"><iframe loading=\"lazy\" title=\"#TDF24 | ANIMA \u2013 My Father\u2019s Dresses [INTERNATIONAL COMPETITION]\" width=\"696\" height=\"392\" src=\"https:\/\/www.youtube.com\/embed\/l96dVgzy-MY?feature=oembed&#038;enablejsapi=1\" frameborder=\"0\" allow=\"accelerometer; autoplay; clipboard-write; encrypted-media; gyroscope; picture-in-picture\" allowfullscreen><\/iframe><\/div>\n<p style=\"text-align: justify\">Roteiro\/Screenplay: Uli Decker, Rita Bakacs<br \/>\nFotografia\/Cinematography: Siri Klug<br \/>\nMontagem\/Editing: Amparo Mej\u00edas, Frank M\u00fcller<br \/>\nSom\/Sound: Philip Hutter, Ludwig Fiedler, Jannik Flieger, Silvio Reichenbach<br \/>\nM\u00fasica\/Music: Anna K\u00fchlein<br \/>\nProdu\u00e7\u00e3o\/Production: Katharina Bergfeld, Martin Heisler \/ Flare Film<\/p>\n<p><img loading=\"lazy\" decoding=\"async\" class=\"size-medium wp-image-173 alignleft\" src=\"https:\/\/rede.mixbrasil.org.br\/30\/wp-content\/uploads\/sites\/31\/2022\/10\/52425323473_eddd58e82f_c-210x300.jpg\" alt=\"\" width=\"210\" height=\"300\" srcset=\"https:\/\/mixbrasil.org.br\/30\/wp-content\/uploads\/sites\/31\/2022\/10\/52425323473_eddd58e82f_c-210x300.jpg 210w, https:\/\/mixbrasil.org.br\/30\/wp-content\/uploads\/sites\/31\/2022\/10\/52425323473_eddd58e82f_c-150x214.jpg 150w, https:\/\/mixbrasil.org.br\/30\/wp-content\/uploads\/sites\/31\/2022\/10\/52425323473_eddd58e82f_c-300x429.jpg 300w, https:\/\/mixbrasil.org.br\/30\/wp-content\/uploads\/sites\/31\/2022\/10\/52425323473_eddd58e82f_c.jpg 560w\" sizes=\"auto, (max-width: 210px) 100vw, 210px\" \/><\/p>\n<p><strong>FILMOGRAFIA<\/strong><\/p>\n<p>2017 Kelly<br \/>\n2015 Tempestades &#8211; Ensaio de um Ensaio<br \/>\n2009 Aufstand am Amazonas &#8211; Der Kampf um den Wald<\/p>\n","protected":false},"excerpt":{"rendered":"<p>15 NOV | TER\u00c7A-FEIRA @\u00a0CINESESC 15h30 \u2013\u00a0Anima \u2013 Os Vestidos do Meu Pai\u00a0(94\u2032) \u2013 Livre 17 NOV | QUINTA-FEIRA @CINESESC 20h30 \u2013 Anima \u2013 Os Vestidos do Meu Pai\u00a0(94\u2032) \u2013 Livre 19 NOV | S\u00c1BADO @CINESESC 15h30 \u2013\u00a0Anima \u2013 Os Vestidos do Meu Pai\u00a0(94\u2032) \u2013 Livre #cinema #queer #fam\u00edlia #alemanha #documental Alemanha &#8211; 2022, 94&#8242; [&hellip;]<\/p>\n","protected":false},"author":12,"featured_media":174,"comment_status":"open","ping_status":"closed","sticky":false,"template":"","format":"standard","meta":{"footnotes":""},"categories":[38],"tags":[66,98,120,138,250],"class_list":{"0":"post-172","1":"post","2":"type-post","3":"status-publish","4":"format-standard","5":"has-post-thumbnail","7":"category-panorama-internacional","8":"tag-alemanha","9":"tag-cinema","10":"tag-documental","11":"tag-familia","12":"tag-queer-en"},"_links":{"self":[{"href":"https:\/\/mixbrasil.org.br\/30\/wp-json\/wp\/v2\/posts\/172","targetHints":{"allow":["GET"]}}],"collection":[{"href":"https:\/\/mixbrasil.org.br\/30\/wp-json\/wp\/v2\/posts"}],"about":[{"href":"https:\/\/mixbrasil.org.br\/30\/wp-json\/wp\/v2\/types\/post"}],"author":[{"embeddable":true,"href":"https:\/\/mixbrasil.org.br\/30\/wp-json\/wp\/v2\/users\/12"}],"replies":[{"embeddable":true,"href":"https:\/\/mixbrasil.org.br\/30\/wp-json\/wp\/v2\/comments?post=172"}],"version-history":[{"count":0,"href":"https:\/\/mixbrasil.org.br\/30\/wp-json\/wp\/v2\/posts\/172\/revisions"}],"wp:featuredmedia":[{"embeddable":true,"href":"https:\/\/mixbrasil.org.br\/30\/wp-json\/wp\/v2\/media\/174"}],"wp:attachment":[{"href":"https:\/\/mixbrasil.org.br\/30\/wp-json\/wp\/v2\/media?parent=172"}],"wp:term":[{"taxonomy":"category","embeddable":true,"href":"https:\/\/mixbrasil.org.br\/30\/wp-json\/wp\/v2\/categories?post=172"},{"taxonomy":"post_tag","embeddable":true,"href":"https:\/\/mixbrasil.org.br\/30\/wp-json\/wp\/v2\/tags?post=172"}],"curies":[{"name":"wp","href":"https:\/\/api.w.org\/{rel}","templated":true}]}}