{"id":180,"date":"2022-10-22T23:05:25","date_gmt":"2022-10-23T02:05:25","guid":{"rendered":"https:\/\/bkp.brainwp.com.br\/mix30\/?p=180"},"modified":"2025-05-10T20:06:14","modified_gmt":"2025-05-10T23:06:14","slug":"casa-susanna","status":"publish","type":"post","link":"https:\/\/mixbrasil.org.br\/30\/casa-susanna\/","title":{"rendered":"Casa Susanna"},"content":{"rendered":"<p><strong>12 NOV | S\u00c1BADO @ <a href=\"http:\/\/www.itaucinemas.com.br\/pag\/sao-paulo-augusta\">\u00a0ITA\u00da AUGUSTA 3<\/a><\/strong><br \/>\n20h00 \u2013\u00a0<a href=\"https:\/\/bkp.brainwp.com.br\/mix30\/cinema\/panorama-internacional\/casa-susanna\/\">Casa Susanna<\/a>\u00a0(97\u2032) \u2013 10 anos<\/p>\n<p><strong>15 NOV | TER\u00c7A-FEIRA @ <a href=\"http:\/\/www.itaucinemas.com.br\/pag\/sao-paulo-augusta\">ITA\u00da AUGUSTA 3<\/a><\/strong><br \/>\n22h00 \u2013\u00a0<a href=\"https:\/\/bkp.brainwp.com.br\/mix30\/cinema\/panorama-internacional\/casa-susanna\/\">Casa Susanna<\/a>\u00a0(97\u2032) \u2013 10 anos<\/p>\n<hr \/>\n<p style=\"text-align: justify\">#cinema #trans #hist\u00f3riaLGBT #fran\u00e7a #EUA #performativo #documental #tes\u00e3o<\/p>\n<p style=\"text-align: justify\"><strong>Fran\u00e7a, EUA &#8211; 2022, 97&#8242;<\/strong><br \/>\n<strong>Dire\u00e7\u00e3o: S\u00e9bastien Lifshitz <\/strong><br \/>\n<strong>Classifica\u00e7\u00e3o: 10 anos<\/strong><\/p>\n<p style=\"text-align: justify\">Sinopse: <em>Nos anos 1950 e 1960, no interior dos Estados Unidos, ao sop\u00e9 das montanhas Catskill, uma pequena casa de madeira com um celeiro nos fundos abrigou a primeira rede clandestina de cross-dressers. Diane e Kate, \u00e0quela \u00e9poca, eram dois homens que faziam parte dessa organiza\u00e7\u00e3o secreta. Hoje, com 80 anos de idade, elas relatam este cap\u00edtulo esquecido, mas fundamental, dos prim\u00f3rdios da identidade trans. Uma hist\u00f3ria cheia de ru\u00eddo e raiva, plena de personagens extraordin\u00e1rias, incluindo a famosa Susanna, que teve a coragem de criar esse ref\u00fagio que veio a ser conhecido como Casa Susanna.<\/em><\/p>\n<div class=\"youtube-embed\" data-video_id=\"iPTItMjC31E\"><iframe loading=\"lazy\" title=\"CASA SUSANNA - Trailer\" width=\"696\" height=\"392\" src=\"https:\/\/www.youtube.com\/embed\/iPTItMjC31E?feature=oembed&#038;enablejsapi=1\" frameborder=\"0\" allow=\"accelerometer; autoplay; clipboard-write; encrypted-media; gyroscope; picture-in-picture\" allowfullscreen><\/iframe><\/div>\n<p style=\"text-align: justify\">Elenco\/Cast: Katherine Cummings, Diana Merry-Shapiro, Betsy Wollheim, Gregory Bagarozy<br \/>\nRoteiro\/Screenplay: S\u00e9bastien Lifshitz<br \/>\nFotografia\/Cinematography: Paul Guilhaume<br \/>\nMontagem\/Editing: Tina Baz<br \/>\nSom\/Sound: Francois Abdelnour, Daniel Sobrino, Fanny Martin, Jeanne Delplancq<br \/>\nProdu\u00e7\u00e3o\/Production: Muriel Meynard \/ Agat Films<\/p>\n<p style=\"text-align: justify\"><img loading=\"lazy\" decoding=\"async\" class=\"alignnone size-medium wp-image-182\" src=\"https:\/\/rede.mixbrasil.org.br\/30\/wp-content\/uploads\/sites\/31\/2022\/10\/52423253702_dc9dc0f4e2_w-300x300.jpg\" alt=\"\" width=\"300\" height=\"300\" srcset=\"https:\/\/mixbrasil.org.br\/30\/wp-content\/uploads\/sites\/31\/2022\/10\/52423253702_dc9dc0f4e2_w-300x301.jpg 300w, https:\/\/mixbrasil.org.br\/30\/wp-content\/uploads\/sites\/31\/2022\/10\/52423253702_dc9dc0f4e2_w-150x150.jpg 150w, https:\/\/mixbrasil.org.br\/30\/wp-content\/uploads\/sites\/31\/2022\/10\/52423253702_dc9dc0f4e2_w.jpg 399w\" sizes=\"auto, (max-width: 300px) 100vw, 300px\" \/><\/p>\n<p style=\"text-align: justify\"><strong>FILMOGRAFIA<\/strong><\/p>\n<p style=\"text-align: justify\">2021 Bambi, a French Woman<br \/>\n2021 Sensitive Boys<br \/>\n2020 Petite Fille<br \/>\n2019 Avenue de Lamballe<br \/>\n2019 Adolescentes<br \/>\n2016 Les Vies de Th\u00e9r\u00e8se<br \/>\n2013 Bambi<br \/>\n2012 Les Invisibles<br \/>\n2009 Plein Sud<br \/>\n2008 Jour et Nuit<br \/>\n2006 Les T\u00e9moins<br \/>\n2004 Wild Side<br \/>\n2001 La Travers\u00e9e<br \/>\n2000 Presque Rien<br \/>\n1998 Les Corps Ouverts<br \/>\n1995 Claire Denis, la Vagabonde<br \/>\n1994 Il Faut que Je l\u2019Aime<\/p>\n","protected":false},"excerpt":{"rendered":"<p>12 NOV | S\u00c1BADO @ \u00a0ITA\u00da AUGUSTA 3 20h00 \u2013\u00a0Casa Susanna\u00a0(97\u2032) \u2013 10 anos 15 NOV | TER\u00c7A-FEIRA @ ITA\u00da AUGUSTA 3 22h00 \u2013\u00a0Casa Susanna\u00a0(97\u2032) \u2013 10 anos #cinema #trans #hist\u00f3riaLGBT #fran\u00e7a #EUA #performativo #documental #tes\u00e3o Fran\u00e7a, EUA &#8211; 2022, 97&#8242; Dire\u00e7\u00e3o: S\u00e9bastien Lifshitz Classifica\u00e7\u00e3o: 10 anos Sinopse: Nos anos 1950 e 1960, no interior [&hellip;]<\/p>\n","protected":false},"author":12,"featured_media":181,"comment_status":"open","ping_status":"closed","sticky":false,"template":"","format":"standard","meta":{"footnotes":""},"categories":[22,35],"tags":[290,295,98,121,152,169,192,234],"class_list":{"0":"post-180","1":"post","2":"type-post","3":"status-publish","4":"format-standard","5":"has-post-thumbnail","7":"category-international-panorama","8":"category-mundo-mix-franca","9":"tag-trans","10":"tag-usa","11":"tag-cinema","12":"tag-documentary","13":"tag-france","14":"tag-horny","15":"tag-lgbthistory","16":"tag-performative"},"_links":{"self":[{"href":"https:\/\/mixbrasil.org.br\/30\/wp-json\/wp\/v2\/posts\/180","targetHints":{"allow":["GET"]}}],"collection":[{"href":"https:\/\/mixbrasil.org.br\/30\/wp-json\/wp\/v2\/posts"}],"about":[{"href":"https:\/\/mixbrasil.org.br\/30\/wp-json\/wp\/v2\/types\/post"}],"author":[{"embeddable":true,"href":"https:\/\/mixbrasil.org.br\/30\/wp-json\/wp\/v2\/users\/12"}],"replies":[{"embeddable":true,"href":"https:\/\/mixbrasil.org.br\/30\/wp-json\/wp\/v2\/comments?post=180"}],"version-history":[{"count":1,"href":"https:\/\/mixbrasil.org.br\/30\/wp-json\/wp\/v2\/posts\/180\/revisions"}],"predecessor-version":[{"id":2574,"href":"https:\/\/mixbrasil.org.br\/30\/wp-json\/wp\/v2\/posts\/180\/revisions\/2574"}],"wp:featuredmedia":[{"embeddable":true,"href":"https:\/\/mixbrasil.org.br\/30\/wp-json\/wp\/v2\/media\/181"}],"wp:attachment":[{"href":"https:\/\/mixbrasil.org.br\/30\/wp-json\/wp\/v2\/media?parent=180"}],"wp:term":[{"taxonomy":"category","embeddable":true,"href":"https:\/\/mixbrasil.org.br\/30\/wp-json\/wp\/v2\/categories?post=180"},{"taxonomy":"post_tag","embeddable":true,"href":"https:\/\/mixbrasil.org.br\/30\/wp-json\/wp\/v2\/tags?post=180"}],"curies":[{"name":"wp","href":"https:\/\/api.w.org\/{rel}","templated":true}]}}