{"id":184,"date":"2022-10-22T23:08:21","date_gmt":"2022-10-22T23:08:21","guid":{"rendered":"https:\/\/bkp.brainwp.com.br\/mix30\/?p=184"},"modified":"2022-10-22T23:08:21","modified_gmt":"2022-10-22T23:08:21","slug":"close","status":"publish","type":"post","link":"https:\/\/mixbrasil.org.br\/30\/close\/","title":{"rendered":"Close"},"content":{"rendered":"<p><strong>14 NOV | SEGUNDA-FEIRA @\u00a0<\/strong><a href=\"https:\/\/www.sescsp.org.br\/unidades\/cinesesc\/\"><strong>CINESESC<\/strong><\/a><br \/>\n20h30 \u2013 <a href=\"https:\/\/bkp.brainwp.com.br\/mix30\/cinema\/panorama-internacional\/close\/\">Close<\/a>\u00a0(105\u2032) \u2013 16 anos<\/p>\n<p><strong>15 NOV | TER\u00c7A-FEIRA @ <a href=\"http:\/\/www.itaucinemas.com.br\/pag\/sao-paulo-augusta\">\u00a0ITA\u00da AUGUSTA 3<\/a><\/strong><br \/>\n20h00 \u2013\u00a0<a href=\"https:\/\/bkp.brainwp.com.br\/mix30\/cinema\/panorama-internacional\/close\/\">Close<\/a>\u00a0(105\u2032) \u2013 16 anos<\/p>\n<hr \/>\n<p style=\"text-align: justify\">#cinema #gay #crush #crian\u00e7aviada #fam\u00edlia #b\u00e9lgica #fran\u00e7a #holanda #tens\u00e3o<\/p>\n<p style=\"text-align: justify\"><strong>B\u00e9lgica, Fran\u00e7a, Holanda &#8211; 2022, 105&#8242;<\/strong><br \/>\n<strong>Dire\u00e7\u00e3o: Lukas Dhont <\/strong><br \/>\n<strong>Classifica\u00e7\u00e3o: 16 anos<\/strong><\/p>\n<p style=\"text-align: justify\">Sinopse: <em>A amizade entre dois meninos de 13 anos, Leo e R\u00e9mi, acaba de repente. Sem entender o que aconteceu, L\u00e9o procura Sophie, m\u00e3e de R\u00e9mi.<\/em><\/p>\n<div class=\"youtube-embed\" data-video_id=\"6EJGnU2AmV4\"><iframe loading=\"lazy\" title=\"Close | Official Trailer HD | A24\" width=\"696\" height=\"392\" src=\"https:\/\/www.youtube.com\/embed\/6EJGnU2AmV4?feature=oembed&#038;enablejsapi=1\" frameborder=\"0\" allow=\"accelerometer; autoplay; clipboard-write; encrypted-media; gyroscope; picture-in-picture\" allowfullscreen><\/iframe><\/div>\n<p style=\"text-align: justify\">Elenco\/Cast: Eden Dambrine, Gustav De Waele, Emilie Dequenne, L\u00e9a Drucker, Kevin Janssens, Marc Weiss, Igor Van Dessel, L\u00e9on Bataille<br \/>\nRoteiro\/Screenplay: Lukas Dhont, Angelo Tijssens<br \/>\nFotografia\/Cinematography: Frank van den Eeden<br \/>\nMontagem\/Editing: Alain Dessauvage<br \/>\nSom\/Sound: Yanna Soentjens<br \/>\nM\u00fasica\/Music: Valentin Hadjadj<br \/>\nArte\/Production Design: Eve Martin<br \/>\nProdu\u00e7\u00e3o\/Production: Michiel Dhont, Dirk Impens \/ Menuet, Diaphana Films, Topkapi Films, Versus Production<\/p>\n<p><img loading=\"lazy\" decoding=\"async\" class=\"size-medium wp-image-186 alignleft\" src=\"https:\/\/rede.mixbrasil.org.br\/30\/wp-content\/uploads\/sites\/31\/2022\/10\/52425095759_c801f7f5f8_w-300x300.jpg\" alt=\"\" width=\"300\" height=\"300\" srcset=\"https:\/\/mixbrasil.org.br\/30\/wp-content\/uploads\/sites\/31\/2022\/10\/52425095759_c801f7f5f8_w-300x300.jpg 300w, https:\/\/mixbrasil.org.br\/30\/wp-content\/uploads\/sites\/31\/2022\/10\/52425095759_c801f7f5f8_w-150x150.jpg 150w, https:\/\/mixbrasil.org.br\/30\/wp-content\/uploads\/sites\/31\/2022\/10\/52425095759_c801f7f5f8_w.jpg 400w\" sizes=\"auto, (max-width: 300px) 100vw, 300px\" \/><\/p>\n<p><strong>FILMOGRAFIA<\/strong><\/p>\n<p>2021 Our Nature (curta)<br \/>\n2018 O Florescer de Uma Garota | Girl<br \/>\n2014 L&#8217;Infini (curta)<br \/>\n2012 Huid von Glas (curta)<br \/>\n2012 Corps perdu (curta)<\/p>\n","protected":false},"excerpt":{"rendered":"<p>14 NOV | SEGUNDA-FEIRA @\u00a0CINESESC 20h30 \u2013 Close\u00a0(105\u2032) \u2013 16 anos 15 NOV | TER\u00c7A-FEIRA @ \u00a0ITA\u00da AUGUSTA 3 20h00 \u2013\u00a0Close\u00a0(105\u2032) \u2013 16 anos #cinema #gay #crush #crian\u00e7aviada #fam\u00edlia #b\u00e9lgica #fran\u00e7a #holanda #tens\u00e3o B\u00e9lgica, Fran\u00e7a, Holanda &#8211; 2022, 105&#8242; Dire\u00e7\u00e3o: Lukas Dhont Classifica\u00e7\u00e3o: 16 anos Sinopse: A amizade entre dois meninos de 13 anos, Leo [&hellip;]<\/p>\n","protected":false},"author":12,"featured_media":185,"comment_status":"open","ping_status":"closed","sticky":false,"template":"","format":"standard","meta":{"footnotes":""},"categories":[22],"tags":[86,99,112,139,152,157,223,251,284],"class_list":{"0":"post-184","1":"post","2":"type-post","3":"status-publish","4":"format-standard","5":"has-post-thumbnail","7":"category-international-panorama","8":"tag-belgium","9":"tag-cinema-en","10":"tag-crush-en","11":"tag-family","12":"tag-france","13":"tag-gay-en","14":"tag-netherlands","15":"tag-queerchild","16":"tag-tension"},"_links":{"self":[{"href":"https:\/\/mixbrasil.org.br\/30\/wp-json\/wp\/v2\/posts\/184","targetHints":{"allow":["GET"]}}],"collection":[{"href":"https:\/\/mixbrasil.org.br\/30\/wp-json\/wp\/v2\/posts"}],"about":[{"href":"https:\/\/mixbrasil.org.br\/30\/wp-json\/wp\/v2\/types\/post"}],"author":[{"embeddable":true,"href":"https:\/\/mixbrasil.org.br\/30\/wp-json\/wp\/v2\/users\/12"}],"replies":[{"embeddable":true,"href":"https:\/\/mixbrasil.org.br\/30\/wp-json\/wp\/v2\/comments?post=184"}],"version-history":[{"count":0,"href":"https:\/\/mixbrasil.org.br\/30\/wp-json\/wp\/v2\/posts\/184\/revisions"}],"wp:featuredmedia":[{"embeddable":true,"href":"https:\/\/mixbrasil.org.br\/30\/wp-json\/wp\/v2\/media\/185"}],"wp:attachment":[{"href":"https:\/\/mixbrasil.org.br\/30\/wp-json\/wp\/v2\/media?parent=184"}],"wp:term":[{"taxonomy":"category","embeddable":true,"href":"https:\/\/mixbrasil.org.br\/30\/wp-json\/wp\/v2\/categories?post=184"},{"taxonomy":"post_tag","embeddable":true,"href":"https:\/\/mixbrasil.org.br\/30\/wp-json\/wp\/v2\/tags?post=184"}],"curies":[{"name":"wp","href":"https:\/\/api.w.org\/{rel}","templated":true}]}}