{"id":245,"date":"2022-10-23T00:35:16","date_gmt":"2022-10-23T00:35:16","guid":{"rendered":"https:\/\/bkp.brainwp.com.br\/mix30\/?p=245"},"modified":"2024-12-04T12:37:56","modified_gmt":"2024-12-04T15:37:56","slug":"tunica-turquesa","status":"publish","type":"post","link":"https:\/\/mixbrasil.org.br\/30\/tunica-turquesa\/","title":{"rendered":"T\u00fanica Turquesa"},"content":{"rendered":"<p><strong>12 NOV | S\u00c1BADO @ <a href=\"https:\/\/www.sescsp.org.br\/unidades\/cinesesc\/\">CINESESC<\/a><\/strong><br \/>\n20h30 \u2013\u00a0<a href=\"https:\/\/bkp.brainwp.com.br\/mix30\/cinema\/panorama-internacional\/tunica-turquesa\/\">T\u00fanica Turquesa<\/a>\u00a0(124\u2032) \u2013 12 anos<\/p>\n<p><strong>18 NOV | SEXTA-FEIRA @ <a href=\"https:\/\/www.sescsp.org.br\/unidades\/cinesesc\/\">CINESESC<\/a><\/strong><br \/>\n18h00 \u2013\u00a0<a href=\"https:\/\/bkp.brainwp.com.br\/mix30\/cinema\/panorama-internacional\/tunica-turquesa\/\">T\u00fanica Turquesa<\/a>\u00a0(124\u2032) \u2013 12 anos<\/p>\n<hr \/>\n<p style=\"text-align: justify\">#cinema #fam\u00edlia #gay #bissexual #coisasdecasal #crush #fran\u00e7a #marrocos #b\u00e9lgica #dinamarca #tens\u00e3o #tes\u00e3o<\/p>\n<p style=\"text-align: justify\"><strong>Fran\u00e7a, Marrocos, B\u00e9lgica, Dinamarca &#8211; 2022, 124&#8242;<\/strong><br \/>\n<strong>Dire\u00e7\u00e3o: Maryam Touzani<\/strong><br \/>\n<strong>Classifica\u00e7\u00e3o: 12 anos<\/strong><\/p>\n<p style=\"text-align: justify\">Sinopse: <em>Halim e Mina administram uma loja tradicional de t\u00fanicas em uma das medinas mais antigas do Marrocos. Para atender os pedidos dos exigentes clientes, o casal contrata Youssef. O talentoso aprendiz mostra uma dedica\u00e7\u00e3o m\u00e1xima em aprender a arte do bordado e alfaiataria de Halim. Aos poucos Mina percebe o quanto o marido se emociona com a presen\u00e7a do jovem.<\/em><\/p>\n<div class=\"youtube-embed\" data-video_id=\"rClnoDCGJ8c\"><iframe loading=\"lazy\" title=\"LE BLEU DU CAFTAN de Maryam Touzani - Extrait (2022)\" width=\"696\" height=\"392\" src=\"https:\/\/www.youtube.com\/embed\/rClnoDCGJ8c?feature=oembed&#038;enablejsapi=1\" frameborder=\"0\" allow=\"accelerometer; autoplay; clipboard-write; encrypted-media; gyroscope; picture-in-picture\" allowfullscreen><\/iframe><\/div>\n<p style=\"text-align: justify\">Elenco\/Cast: Lubna Azabal, Saleh Bakri, Ayoub Missioui<br \/>\nRoteiro\/Screenplay: Maryam Touzani, Nabil Ayouch<br \/>\nFotografia\/Cinematography: Virginie Surdej<br \/>\nMontagem\/Editing: Nicolas Rumpl<br \/>\nSom\/Sound: Nassim El Mounabbih<br \/>\nM\u00fasica\/Music: Kristian Eidnes Andersen<br \/>\nProdu\u00e7\u00e3o\/Production: Nabil Ayouch \/ Les Films du Nouveau Monde<\/p>\n<p><img loading=\"lazy\" decoding=\"async\" class=\"size-medium wp-image-247 alignleft\" src=\"https:\/\/rede.mixbrasil.org.br\/30\/wp-content\/uploads\/sites\/31\/2022\/10\/52424363555_07a9a46908_w-255x300.jpg\" alt=\"\" width=\"255\" height=\"300\" srcset=\"https:\/\/mixbrasil.org.br\/30\/wp-content\/uploads\/sites\/31\/2022\/10\/52424363555_07a9a46908_w-255x300.jpg 255w, https:\/\/mixbrasil.org.br\/30\/wp-content\/uploads\/sites\/31\/2022\/10\/52424363555_07a9a46908_w-150x176.jpg 150w, https:\/\/mixbrasil.org.br\/30\/wp-content\/uploads\/sites\/31\/2022\/10\/52424363555_07a9a46908_w-300x353.jpg 300w, https:\/\/mixbrasil.org.br\/30\/wp-content\/uploads\/sites\/31\/2022\/10\/52424363555_07a9a46908_w.jpg 340w\" sizes=\"auto, (max-width: 255px) 100vw, 255px\" \/><\/p>\n<p>&nbsp;<\/p>\n<p><strong>Filmografia<\/strong><\/p>\n<p>2019 Adam<br \/>\n2015 Aya Wal Bahr | Aya Goes to the Beach (curta)<br \/>\n2012 Quand Ils Dorment (curta)<\/p>\n","protected":false},"excerpt":{"rendered":"<p>12 NOV | S\u00c1BADO @ CINESESC 20h30 \u2013\u00a0T\u00fanica Turquesa\u00a0(124\u2032) \u2013 12 anos 18 NOV | SEXTA-FEIRA @ CINESESC 18h00 \u2013\u00a0T\u00fanica Turquesa\u00a0(124\u2032) \u2013 12 anos #cinema #fam\u00edlia #gay #bissexual #coisasdecasal #crush #fran\u00e7a #marrocos #b\u00e9lgica #dinamarca #tens\u00e3o #tes\u00e3o Fran\u00e7a, Marrocos, B\u00e9lgica, Dinamarca &#8211; 2022, 124&#8242; Dire\u00e7\u00e3o: Maryam Touzani Classifica\u00e7\u00e3o: 12 anos Sinopse: Halim e Mina administram uma [&hellip;]<\/p>\n","protected":false},"author":12,"featured_media":246,"comment_status":"open","ping_status":"closed","sticky":false,"template":"","format":"standard","meta":{"footnotes":""},"categories":[38,306],"tags":[116,138,151,156,201,283,285,85,88,98,101,112],"class_list":{"0":"post-245","1":"post","2":"type-post","3":"status-publish","4":"format-standard","5":"has-post-thumbnail","7":"category-panorama-internacional","8":"category-cinema","9":"tag-dinamarca","10":"tag-familia","11":"tag-franca","12":"tag-gay","13":"tag-marrocos","14":"tag-tensao","15":"tag-tesao","16":"tag-belgica","17":"tag-bissexual","18":"tag-cinema","19":"tag-coisasdecasal","20":"tag-crush-en"},"_links":{"self":[{"href":"https:\/\/mixbrasil.org.br\/30\/wp-json\/wp\/v2\/posts\/245","targetHints":{"allow":["GET"]}}],"collection":[{"href":"https:\/\/mixbrasil.org.br\/30\/wp-json\/wp\/v2\/posts"}],"about":[{"href":"https:\/\/mixbrasil.org.br\/30\/wp-json\/wp\/v2\/types\/post"}],"author":[{"embeddable":true,"href":"https:\/\/mixbrasil.org.br\/30\/wp-json\/wp\/v2\/users\/12"}],"replies":[{"embeddable":true,"href":"https:\/\/mixbrasil.org.br\/30\/wp-json\/wp\/v2\/comments?post=245"}],"version-history":[{"count":1,"href":"https:\/\/mixbrasil.org.br\/30\/wp-json\/wp\/v2\/posts\/245\/revisions"}],"predecessor-version":[{"id":2518,"href":"https:\/\/mixbrasil.org.br\/30\/wp-json\/wp\/v2\/posts\/245\/revisions\/2518"}],"wp:featuredmedia":[{"embeddable":true,"href":"https:\/\/mixbrasil.org.br\/30\/wp-json\/wp\/v2\/media\/246"}],"wp:attachment":[{"href":"https:\/\/mixbrasil.org.br\/30\/wp-json\/wp\/v2\/media?parent=245"}],"wp:term":[{"taxonomy":"category","embeddable":true,"href":"https:\/\/mixbrasil.org.br\/30\/wp-json\/wp\/v2\/categories?post=245"},{"taxonomy":"post_tag","embeddable":true,"href":"https:\/\/mixbrasil.org.br\/30\/wp-json\/wp\/v2\/tags?post=245"}],"curies":[{"name":"wp","href":"https:\/\/api.w.org\/{rel}","templated":true}]}}