{"id":265,"date":"2022-10-22T22:06:02","date_gmt":"2022-10-23T01:06:02","guid":{"rendered":"https:\/\/bkp.brainwp.com.br\/mix30\/?p=265"},"modified":"2022-10-22T22:06:02","modified_gmt":"2022-10-23T01:06:02","slug":"um-quarto-na-cidade-abre-fogo-fatuo","status":"publish","type":"post","link":"https:\/\/mixbrasil.org.br\/30\/um-quarto-na-cidade-abre-fogo-fatuo\/","title":{"rendered":"Um Quarto na Cidade (abre: &#8220;FOGO F\u00c1TUO&#8221;)"},"content":{"rendered":"<p><strong>12 NOV | S\u00c1BADO @\u00a0<a href=\"http:\/\/www.itaucinemas.com.br\/pag\/sao-paulo-augusta\">ITA\u00da AUGUSTA 4<\/a><br \/>\n<\/strong>19h30 \u2013\u00a0<a href=\"https:\/\/bkp.brainwp.com.br\/mix30\/cinema\/panorama-internacional\/fogo-fatuo\/\">Fogo-F\u00e1tuo<\/a>\u00a0(67\u2032) \u2013 16 anos | abre com:\u00a0<a href=\"https:\/\/bkp.brainwp.com.br\/mix30\/cinema\/curtas-mixbrasil\/um-quarto-na-cidade-abre-fogo-fatuo\/\">Um Quarto na Cidade<\/a>\u00a0(5\u2032)<\/p>\n<p><strong>16 NOV | QUARTA-FEIRA @\u00a0<a href=\"http:\/\/www.itaucinemas.com.br\/pag\/sao-paulo-augusta\">ITA\u00da AUGUSTA 4<\/a><\/strong><br \/>\n19h30 \u2013\u00a0<a href=\"https:\/\/bkp.brainwp.com.br\/mix30\/cinema\/panorama-internacional\/fogo-fatuo\/\">Fogo-F\u00e1tuo<\/a>\u00a0(67\u2032) \u2013 16 anos | abre com:\u00a0<a href=\"https:\/\/bkp.brainwp.com.br\/mix30\/cinema\/curtas-mixbrasil\/um-quarto-na-cidade-abre-fogo-fatuo\/\">Um Quarto na Cidade<\/a>\u00a0(5\u2032)<\/p>\n<hr \/>\n<p style=\"text-align: justify\">#cinema #gay #hiv #experimental #portugal<\/p>\n<p style=\"text-align: justify\"><strong>Portugal &#8211; 2021, 5&#8242; <\/strong><br \/>\n<strong>Dire\u00e7\u00e3o: Jo\u00e3o Pedro Rodrigues, Jo\u00e3o Rui Guerra da Mata <\/strong><br \/>\n<strong>Classifica\u00e7\u00e3o: 10 anos<\/strong><\/p>\n<p style=\"text-align: justify\">Sinopse: <em>Quando calam as vozes, a m\u00fasica vibra na mem\u00f3ria.<\/em><\/p>\n","protected":false},"excerpt":{"rendered":"<p>12 NOV | S\u00c1BADO @\u00a0ITA\u00da AUGUSTA 4 19h30 \u2013\u00a0Fogo-F\u00e1tuo\u00a0(67\u2032) \u2013 16 anos | abre com:\u00a0Um Quarto na Cidade\u00a0(5\u2032) 16 NOV | QUARTA-FEIRA @\u00a0ITA\u00da AUGUSTA 4 19h30 \u2013\u00a0Fogo-F\u00e1tuo\u00a0(67\u2032) \u2013 16 anos | abre com:\u00a0Um Quarto na Cidade\u00a0(5\u2032) #cinema #gay #hiv #experimental #portugal Portugal &#8211; 2021, 5&#8242; Dire\u00e7\u00e3o: Jo\u00e3o Pedro Rodrigues, Jo\u00e3o Rui Guerra da Mata Classifica\u00e7\u00e3o: [&hellip;]<\/p>\n","protected":false},"author":12,"featured_media":266,"comment_status":"open","ping_status":"closed","sticky":false,"template":"","format":"standard","meta":{"footnotes":""},"categories":[7],"tags":[98,133,156,165,247],"class_list":{"0":"post-265","1":"post","2":"type-post","3":"status-publish","4":"format-standard","5":"has-post-thumbnail","7":"category-curtas-mixbrasil","8":"tag-cinema","9":"tag-experimental","10":"tag-gay","11":"tag-hiv","12":"tag-portugal-en"},"_links":{"self":[{"href":"https:\/\/mixbrasil.org.br\/30\/wp-json\/wp\/v2\/posts\/265","targetHints":{"allow":["GET"]}}],"collection":[{"href":"https:\/\/mixbrasil.org.br\/30\/wp-json\/wp\/v2\/posts"}],"about":[{"href":"https:\/\/mixbrasil.org.br\/30\/wp-json\/wp\/v2\/types\/post"}],"author":[{"embeddable":true,"href":"https:\/\/mixbrasil.org.br\/30\/wp-json\/wp\/v2\/users\/12"}],"replies":[{"embeddable":true,"href":"https:\/\/mixbrasil.org.br\/30\/wp-json\/wp\/v2\/comments?post=265"}],"version-history":[{"count":0,"href":"https:\/\/mixbrasil.org.br\/30\/wp-json\/wp\/v2\/posts\/265\/revisions"}],"wp:featuredmedia":[{"embeddable":true,"href":"https:\/\/mixbrasil.org.br\/30\/wp-json\/wp\/v2\/media\/266"}],"wp:attachment":[{"href":"https:\/\/mixbrasil.org.br\/30\/wp-json\/wp\/v2\/media?parent=265"}],"wp:term":[{"taxonomy":"category","embeddable":true,"href":"https:\/\/mixbrasil.org.br\/30\/wp-json\/wp\/v2\/categories?post=265"},{"taxonomy":"post_tag","embeddable":true,"href":"https:\/\/mixbrasil.org.br\/30\/wp-json\/wp\/v2\/tags?post=265"}],"curies":[{"name":"wp","href":"https:\/\/api.w.org\/{rel}","templated":true}]}}