{"id":283,"date":"2022-10-22T22:19:14","date_gmt":"2022-10-23T01:19:14","guid":{"rendered":"https:\/\/bkp.brainwp.com.br\/mix30\/?p=283"},"modified":"2022-10-22T22:19:14","modified_gmt":"2022-10-23T01:19:14","slug":"o-teste-da-farinha","status":"publish","type":"post","link":"https:\/\/mixbrasil.org.br\/30\/o-teste-da-farinha\/","title":{"rendered":"O Teste da Farinha"},"content":{"rendered":"<p><strong>17 NOV | QUINTA-FEIRA @ <a href=\"http:\/\/centrocultural.sp.gov.br\/\">SPCINE \u2013 CCSP Paulo Emilio<\/a><\/strong><br \/>\n20h00 \u2013\u00a0<a href=\"https:\/\/bkp.brainwp.com.br\/mix30\/category\/cinema\/curtas-mixbrasil\/comedy-queers\/\">curtas: COMEDY QUEERS<\/a>\u00a0(66\u2032) \u2013 14 anos<\/p>\n<p><strong>19 NOV | S\u00c1BADO @ <a href=\"http:\/\/centrocultural.sp.gov.br\/\">SPCINE \u2013 CCSP Lima Barreto<\/a><br \/>\n<\/strong>19h30 \u2013\u00a0<a href=\"https:\/\/bkp.brainwp.com.br\/mix30\/category\/cinema\/curtas-mixbrasil\/comedy-queers\/\">curtas: COMEDY QUEERS<\/a>\u00a0(66\u2032) \u2013 14 anos<strong><br \/>\n<\/strong><\/p>\n<hr \/>\n<p style=\"text-align: justify\">#cinema #gay #com\u00e9dia #coloca\u00e7\u00e3o #brasil #BA #reinounido #documental #inten\u00e7\u00e3o #tens\u00e3o<\/p>\n<p style=\"text-align: justify\"><strong>Brasil, Reino Unido \/ Salvador-BA, Londres, 2022, 19&#8242;<\/strong><br \/>\n<strong>Dire\u00e7\u00e3o: Victor Fraga<\/strong><br \/>\n<strong>Classifica\u00e7\u00e3o: 14 anos<\/strong><\/p>\n<p style=\"text-align: justify\">Sinopse: <em>Um jornalista londrino retorna ao Brasil para enfrentar um dem\u00f4nio de sua adolesc\u00eancia: o Teste da Farinha. Este experimento foi realizado durante a ditadura para determinar se recrutas do ex\u00e9rcito eram homossexuais: os jovens eram obrigados a sentar-se nus na farinha para medir a circunfer\u00eancia de seu \u00e2nus. Bolsonaro agora tenta introduzir legisla\u00e7\u00e3o semelhante.<\/em><\/p>\n","protected":false},"excerpt":{"rendered":"<p>17 NOV | QUINTA-FEIRA @ SPCINE \u2013 CCSP Paulo Emilio 20h00 \u2013\u00a0curtas: COMEDY QUEERS\u00a0(66\u2032) \u2013 14 anos 19 NOV | S\u00c1BADO @ SPCINE \u2013 CCSP Lima Barreto 19h30 \u2013\u00a0curtas: COMEDY QUEERS\u00a0(66\u2032) \u2013 14 anos #cinema #gay #com\u00e9dia #coloca\u00e7\u00e3o #brasil #BA #reinounido #documental #inten\u00e7\u00e3o #tens\u00e3o Brasil, Reino Unido \/ Salvador-BA, Londres, 2022, 19&#8242; Dire\u00e7\u00e3o: Victor Fraga [&hellip;]<\/p>\n","protected":false},"author":12,"featured_media":284,"comment_status":"open","ping_status":"closed","sticky":false,"template":"","format":"standard","meta":{"footnotes":""},"categories":[9],"tags":[83,90,98,102,104,120,156,181,255,283],"class_list":{"0":"post-283","1":"post","2":"type-post","3":"status-publish","4":"format-standard","5":"has-post-thumbnail","7":"category-comedy-queers","8":"tag-ba","9":"tag-brasil","10":"tag-cinema","11":"tag-colocacao","12":"tag-comedia","13":"tag-documental","14":"tag-gay","15":"tag-intencao","16":"tag-reinounido","17":"tag-tensao"},"_links":{"self":[{"href":"https:\/\/mixbrasil.org.br\/30\/wp-json\/wp\/v2\/posts\/283","targetHints":{"allow":["GET"]}}],"collection":[{"href":"https:\/\/mixbrasil.org.br\/30\/wp-json\/wp\/v2\/posts"}],"about":[{"href":"https:\/\/mixbrasil.org.br\/30\/wp-json\/wp\/v2\/types\/post"}],"author":[{"embeddable":true,"href":"https:\/\/mixbrasil.org.br\/30\/wp-json\/wp\/v2\/users\/12"}],"replies":[{"embeddable":true,"href":"https:\/\/mixbrasil.org.br\/30\/wp-json\/wp\/v2\/comments?post=283"}],"version-history":[{"count":0,"href":"https:\/\/mixbrasil.org.br\/30\/wp-json\/wp\/v2\/posts\/283\/revisions"}],"wp:featuredmedia":[{"embeddable":true,"href":"https:\/\/mixbrasil.org.br\/30\/wp-json\/wp\/v2\/media\/284"}],"wp:attachment":[{"href":"https:\/\/mixbrasil.org.br\/30\/wp-json\/wp\/v2\/media?parent=283"}],"wp:term":[{"taxonomy":"category","embeddable":true,"href":"https:\/\/mixbrasil.org.br\/30\/wp-json\/wp\/v2\/categories?post=283"},{"taxonomy":"post_tag","embeddable":true,"href":"https:\/\/mixbrasil.org.br\/30\/wp-json\/wp\/v2\/tags?post=283"}],"curies":[{"name":"wp","href":"https:\/\/api.w.org\/{rel}","templated":true}]}}