{"id":289,"date":"2022-10-22T22:23:32","date_gmt":"2022-10-23T01:23:32","guid":{"rendered":"https:\/\/bkp.brainwp.com.br\/mix30\/?p=289"},"modified":"2025-05-14T14:28:57","modified_gmt":"2025-05-14T17:28:57","slug":"cock-n-bull-3","status":"publish","type":"post","link":"https:\/\/mixbrasil.org.br\/30\/cock-n-bull-3\/","title":{"rendered":"Cock N&#8217; Bull 3"},"content":{"rendered":"<p><strong>17 NOV | QUINTA-FEIRA @ <a href=\"http:\/\/centrocultural.sp.gov.br\/\">SPCINE \u2013 CCSP Paulo Emilio<\/a><\/strong><br \/>\n20h00 \u2013\u00a0<a href=\"https:\/\/bkp.brainwp.com.br\/mix30\/category\/cinema\/curtas-mixbrasil\/comedy-queers\/\">curtas: COMEDY QUEERS<\/a>\u00a0(66\u2032) \u2013 14 anos<\/p>\n<p><strong>19 NOV | S\u00c1BADO @ <a href=\"http:\/\/centrocultural.sp.gov.br\/\">SPCINE \u2013 CCSP Lima Barreto<\/a><br \/>\n<\/strong>19h30 \u2013\u00a0<a href=\"https:\/\/bkp.brainwp.com.br\/mix30\/category\/cinema\/curtas-mixbrasil\/comedy-queers\/\">curtas: COMEDY QUEERS<\/a>\u00a0(66\u2032) \u2013 14 anos<strong><br \/>\n<\/strong><\/p>\n<hr \/>\n<p style=\"text-align: justify\">#cinema #gay #queer #com\u00e9dia #coloca\u00e7\u00e3o #EUA #tens\u00e3o #tes\u00e3o<\/p>\n<p style=\"text-align: justify\"><strong>EUA &#8211; 2022, 24&#8242;<\/strong><br \/>\n<strong>Dire\u00e7\u00e3o: Nathan Adloff<\/strong><br \/>\n<strong>Classifica\u00e7\u00e3o: 14 anos<\/strong><\/p>\n<p style=\"text-align: justify\">Sinopse: <em>Os comiss\u00e1rios de bordo Chris e Wes instigam os passageiros com jogos provocadores em pleno voo, levando-os ao inimagin\u00e1vel \u2013 tentar fazer um pouso de emerg\u00eancia ap\u00f3s algu\u00e9m envenenar o piloto.<\/em><\/p>\n<p><iframe loading=\"lazy\" title=\"Cock N&#039; Bull 3 Teaser\" src=\"https:\/\/player.vimeo.com\/video\/730803555?h=1b732eeb95&amp;dnt=1&amp;app_id=122963\" width=\"696\" height=\"392\" frameborder=\"0\" allow=\"autoplay; fullscreen; picture-in-picture\" allowfullscreen><\/iframe><\/p>\n","protected":false},"excerpt":{"rendered":"<p>17 NOV | QUINTA-FEIRA @ SPCINE \u2013 CCSP Paulo Emilio 20h00 \u2013\u00a0curtas: COMEDY QUEERS\u00a0(66\u2032) \u2013 14 anos 19 NOV | S\u00c1BADO @ SPCINE \u2013 CCSP Lima Barreto 19h30 \u2013\u00a0curtas: COMEDY QUEERS\u00a0(66\u2032) \u2013 14 anos #cinema #gay #queer #com\u00e9dia #coloca\u00e7\u00e3o #EUA #tens\u00e3o #tes\u00e3o EUA &#8211; 2022, 24&#8242; Dire\u00e7\u00e3o: Nathan Adloff Classifica\u00e7\u00e3o: 14 anos Sinopse: Os comiss\u00e1rios [&hellip;]<\/p>\n","protected":false},"author":12,"featured_media":290,"comment_status":"open","ping_status":"closed","sticky":false,"template":"","format":"standard","meta":{"footnotes":""},"categories":[846],"tags":[634,638,642,700,764,780],"class_list":{"0":"post-289","1":"post","2":"type-post","3":"status-publish","4":"format-standard","5":"has-post-thumbnail","7":"category-shorts-comedy-queers-en","8":"tag-horny-en","9":"tag-comedy-en","10":"tag-queer-en-en","11":"tag-tension-en","12":"tag-stoned-en","13":"tag-usa-en"},"_links":{"self":[{"href":"https:\/\/mixbrasil.org.br\/30\/wp-json\/wp\/v2\/posts\/289","targetHints":{"allow":["GET"]}}],"collection":[{"href":"https:\/\/mixbrasil.org.br\/30\/wp-json\/wp\/v2\/posts"}],"about":[{"href":"https:\/\/mixbrasil.org.br\/30\/wp-json\/wp\/v2\/types\/post"}],"author":[{"embeddable":true,"href":"https:\/\/mixbrasil.org.br\/30\/wp-json\/wp\/v2\/users\/12"}],"replies":[{"embeddable":true,"href":"https:\/\/mixbrasil.org.br\/30\/wp-json\/wp\/v2\/comments?post=289"}],"version-history":[{"count":1,"href":"https:\/\/mixbrasil.org.br\/30\/wp-json\/wp\/v2\/posts\/289\/revisions"}],"predecessor-version":[{"id":2676,"href":"https:\/\/mixbrasil.org.br\/30\/wp-json\/wp\/v2\/posts\/289\/revisions\/2676"}],"wp:featuredmedia":[{"embeddable":true,"href":"https:\/\/mixbrasil.org.br\/30\/wp-json\/wp\/v2\/media\/290"}],"wp:attachment":[{"href":"https:\/\/mixbrasil.org.br\/30\/wp-json\/wp\/v2\/media?parent=289"}],"wp:term":[{"taxonomy":"category","embeddable":true,"href":"https:\/\/mixbrasil.org.br\/30\/wp-json\/wp\/v2\/categories?post=289"},{"taxonomy":"post_tag","embeddable":true,"href":"https:\/\/mixbrasil.org.br\/30\/wp-json\/wp\/v2\/tags?post=289"}],"curies":[{"name":"wp","href":"https:\/\/api.w.org\/{rel}","templated":true}]}}