{"id":310,"date":"2022-10-22T22:54:12","date_gmt":"2022-10-23T01:54:12","guid":{"rendered":"https:\/\/bkp.brainwp.com.br\/mix30\/?p=310"},"modified":"2022-10-22T22:54:12","modified_gmt":"2022-10-23T01:54:12","slug":"eu-nao-tenho-medo","status":"publish","type":"post","link":"https:\/\/mixbrasil.org.br\/30\/eu-nao-tenho-medo\/","title":{"rendered":"Eu N\u00e3o Tenho Medo"},"content":{"rendered":"<p><strong>15 NOV | TER\u00c7A-FEIRA @ <a href=\"http:\/\/centrocultural.sp.gov.br\/\">SPCINE \u2013 CCSP Lima Barreto<\/a><br \/>\n<\/strong>15h30 \u2013\u00a0<a href=\"https:\/\/bkp.brainwp.com.br\/mix30\/category\/cinema\/curtas-mixbrasil\/coracoes-indomaveis\/\">curtas: CORA\u00c7\u00d5ES INDOM\u00c1VEIS<\/a>\u00a0(77\u2032) \u2013 16 anos<\/p>\n<p><strong>18 NOV | SEXTA-FEIRA @ <a href=\"http:\/\/centrocultural.sp.gov.br\/\">SPCINE \u2013 CCSP Lima Barreto<\/a><\/strong><br \/>\n19h30 \u2013\u00a0<a href=\"https:\/\/bkp.brainwp.com.br\/mix30\/category\/cinema\/curtas-mixbrasil\/coracoes-indomaveis\/\">curtas: CORA\u00c7\u00d5ES INDOM\u00c1VEIS<\/a>\u00a0(77\u2032) \u2013 16 anos<\/p>\n<hr \/>\n<p style=\"text-align: justify\">#cinema #gay #LGBTfobia #arm\u00e1rio #juventude #r\u00fassia #inten\u00e7\u00e3o #tens\u00e3o #tes\u00e3o<\/p>\n<p style=\"text-align: justify\"><strong>R\u00fassia &#8211; 2021, 21&#8242;<\/strong><br \/>\n<strong>Dire\u00e7\u00e3o: Vladimir Bek<\/strong><br \/>\n<strong>Classifica\u00e7\u00e3o: 16 anos<\/strong><\/p>\n<p style=\"text-align: justify\">Sinopse: <em>Misha e Philip s\u00e3o amigos desde a inf\u00e2ncia, mas Phillip ter\u00e1 que se mudar com os pais para outra cidade. Neste instante, a forte amizade que os unia passa de repente a se descosturar. E o que antes parecia uma inocente brincadeira de crian\u00e7a transforma-se agora em sentimentos novos e desconhecidos. Eles ter\u00e3o que colocar as coisas em ordem.<\/em><\/p>\n","protected":false},"excerpt":{"rendered":"<p>15 NOV | TER\u00c7A-FEIRA @ SPCINE \u2013 CCSP Lima Barreto 15h30 \u2013\u00a0curtas: CORA\u00c7\u00d5ES INDOM\u00c1VEIS\u00a0(77\u2032) \u2013 16 anos 18 NOV | SEXTA-FEIRA @ SPCINE \u2013 CCSP Lima Barreto 19h30 \u2013\u00a0curtas: CORA\u00c7\u00d5ES INDOM\u00c1VEIS\u00a0(77\u2032) \u2013 16 anos #cinema #gay #LGBTfobia #arm\u00e1rio #juventude #r\u00fassia #inten\u00e7\u00e3o #tens\u00e3o #tes\u00e3o R\u00fassia &#8211; 2021, 21&#8242; Dire\u00e7\u00e3o: Vladimir Bek Classifica\u00e7\u00e3o: 16 anos Sinopse: Misha [&hellip;]<\/p>\n","protected":false},"author":12,"featured_media":311,"comment_status":"open","ping_status":"closed","sticky":false,"template":"","format":"standard","meta":{"footnotes":""},"categories":[11],"tags":[75,98,156,181,187,191,264,283,285],"class_list":{"0":"post-310","1":"post","2":"type-post","3":"status-publish","4":"format-standard","5":"has-post-thumbnail","7":"category-coracoes-indomaveis","8":"tag-armario","9":"tag-cinema","10":"tag-gay","11":"tag-intencao","12":"tag-juventude","13":"tag-lgbtfobia","14":"tag-russia","15":"tag-tensao","16":"tag-tesao"},"_links":{"self":[{"href":"https:\/\/mixbrasil.org.br\/30\/wp-json\/wp\/v2\/posts\/310","targetHints":{"allow":["GET"]}}],"collection":[{"href":"https:\/\/mixbrasil.org.br\/30\/wp-json\/wp\/v2\/posts"}],"about":[{"href":"https:\/\/mixbrasil.org.br\/30\/wp-json\/wp\/v2\/types\/post"}],"author":[{"embeddable":true,"href":"https:\/\/mixbrasil.org.br\/30\/wp-json\/wp\/v2\/users\/12"}],"replies":[{"embeddable":true,"href":"https:\/\/mixbrasil.org.br\/30\/wp-json\/wp\/v2\/comments?post=310"}],"version-history":[{"count":0,"href":"https:\/\/mixbrasil.org.br\/30\/wp-json\/wp\/v2\/posts\/310\/revisions"}],"wp:featuredmedia":[{"embeddable":true,"href":"https:\/\/mixbrasil.org.br\/30\/wp-json\/wp\/v2\/media\/311"}],"wp:attachment":[{"href":"https:\/\/mixbrasil.org.br\/30\/wp-json\/wp\/v2\/media?parent=310"}],"wp:term":[{"taxonomy":"category","embeddable":true,"href":"https:\/\/mixbrasil.org.br\/30\/wp-json\/wp\/v2\/categories?post=310"},{"taxonomy":"post_tag","embeddable":true,"href":"https:\/\/mixbrasil.org.br\/30\/wp-json\/wp\/v2\/tags?post=310"}],"curies":[{"name":"wp","href":"https:\/\/api.w.org\/{rel}","templated":true}]}}