{"id":313,"date":"2022-10-22T22:56:48","date_gmt":"2022-10-23T01:56:48","guid":{"rendered":"https:\/\/bkp.brainwp.com.br\/mix30\/?p=313"},"modified":"2022-10-22T22:56:48","modified_gmt":"2022-10-23T01:56:48","slug":"todos-os-premios-que-eu-nunca-te-dei","status":"publish","type":"post","link":"https:\/\/mixbrasil.org.br\/30\/todos-os-premios-que-eu-nunca-te-dei\/","title":{"rendered":"Todos os Pr\u00eamios Que Eu Nunca Te Dei"},"content":{"rendered":"<p style=\"text-align: justify\"><strong>15 NOV | TER\u00c7A-FEIRA @ <a href=\"http:\/\/centrocultural.sp.gov.br\/\">SPCINE \u2013 CCSP Lima Barreto<\/a><br \/>\n<\/strong>15h30 \u2013\u00a0<a href=\"https:\/\/bkp.brainwp.com.br\/mix30\/category\/cinema\/curtas-mixbrasil\/coracoes-indomaveis\/\">curtas: CORA\u00c7\u00d5ES INDOM\u00c1VEIS<\/a>\u00a0(77\u2032) \u2013 16 anos<\/p>\n<p style=\"text-align: justify\"><strong>18 NOV | SEXTA-FEIRA @ <a href=\"http:\/\/centrocultural.sp.gov.br\/\">SPCINE \u2013 CCSP Lima Barreto<\/a><\/strong><br \/>\n19h30 \u2013\u00a0<a href=\"https:\/\/bkp.brainwp.com.br\/mix30\/category\/cinema\/curtas-mixbrasil\/coracoes-indomaveis\/\">curtas: CORA\u00c7\u00d5ES INDOM\u00c1VEIS<\/a>\u00a0(77\u2032) \u2013 16 anos<\/p>\n<p style=\"text-align: justify\"><strong>* Tamb\u00e9m dispon\u00edvel online (em vers\u00e3o com LSE, audiodescri\u00e7\u00e3o e Libras) de 14\/11 a 23\/11 na plataforma do <a class=\"waffle-rich-text-link\" href=\"http:\/\/www.sescsp.org.br\/mixbrasil\">Sesc Digital<\/a><\/strong><\/p>\n<hr \/>\n<p style=\"text-align: justify\">#cinema #gay #coisasdecasal #negritude #juventude #brasil #RJ #tens\u00e3o #tes\u00e3o<\/p>\n<p style=\"text-align: justify\"><strong>Brasil, Rio de Janeiro-RJ, 2021, 17&#8242;<\/strong><br \/>\n<strong>Dire\u00e7\u00e3o: Caio Scot<\/strong><br \/>\n<strong>Classifica\u00e7\u00e3o: 14 anos<\/strong><\/p>\n<p style=\"text-align: justify\">Sinopse: <em>Um encontro inesperado entre dois jovens atores, no banheiro de uma premia\u00e7\u00e3o, traz a tona sentimentos mal resolvidos e uma hist\u00f3ria de amor que talvez ainda n\u00e3o tenha tido o seu ponto final.<\/em><\/p>\n<p><iframe loading=\"lazy\" title=\"Todos Os Pr&amp;ecirc;mios Que Eu Nunca Te Dei - TRAILER\" src=\"https:\/\/player.vimeo.com\/video\/770490240?h=7d7ba3604c&amp;dnt=1&amp;app_id=122963\" width=\"696\" height=\"392\" frameborder=\"0\" allow=\"autoplay; fullscreen; picture-in-picture\" allowfullscreen><\/iframe><\/p>\n","protected":false},"excerpt":{"rendered":"<p>15 NOV | TER\u00c7A-FEIRA @ SPCINE \u2013 CCSP Lima Barreto 15h30 \u2013\u00a0curtas: CORA\u00c7\u00d5ES INDOM\u00c1VEIS\u00a0(77\u2032) \u2013 16 anos 18 NOV | SEXTA-FEIRA @ SPCINE \u2013 CCSP Lima Barreto 19h30 \u2013\u00a0curtas: CORA\u00c7\u00d5ES INDOM\u00c1VEIS\u00a0(77\u2032) \u2013 16 anos * Tamb\u00e9m dispon\u00edvel online (em vers\u00e3o com LSE, audiodescri\u00e7\u00e3o e Libras) de 14\/11 a 23\/11 na plataforma do Sesc Digital #cinema [&hellip;]<\/p>\n","protected":false},"author":12,"featured_media":314,"comment_status":"open","ping_status":"closed","sticky":false,"template":"","format":"standard","meta":{"footnotes":""},"categories":[11],"tags":[90,98,101,156,187,222,256,283,285],"class_list":{"0":"post-313","1":"post","2":"type-post","3":"status-publish","4":"format-standard","5":"has-post-thumbnail","7":"category-coracoes-indomaveis","8":"tag-brasil","9":"tag-cinema","10":"tag-coisasdecasal","11":"tag-gay","12":"tag-juventude","13":"tag-negritude","14":"tag-rj","15":"tag-tensao","16":"tag-tesao"},"_links":{"self":[{"href":"https:\/\/mixbrasil.org.br\/30\/wp-json\/wp\/v2\/posts\/313","targetHints":{"allow":["GET"]}}],"collection":[{"href":"https:\/\/mixbrasil.org.br\/30\/wp-json\/wp\/v2\/posts"}],"about":[{"href":"https:\/\/mixbrasil.org.br\/30\/wp-json\/wp\/v2\/types\/post"}],"author":[{"embeddable":true,"href":"https:\/\/mixbrasil.org.br\/30\/wp-json\/wp\/v2\/users\/12"}],"replies":[{"embeddable":true,"href":"https:\/\/mixbrasil.org.br\/30\/wp-json\/wp\/v2\/comments?post=313"}],"version-history":[{"count":0,"href":"https:\/\/mixbrasil.org.br\/30\/wp-json\/wp\/v2\/posts\/313\/revisions"}],"wp:featuredmedia":[{"embeddable":true,"href":"https:\/\/mixbrasil.org.br\/30\/wp-json\/wp\/v2\/media\/314"}],"wp:attachment":[{"href":"https:\/\/mixbrasil.org.br\/30\/wp-json\/wp\/v2\/media?parent=313"}],"wp:term":[{"taxonomy":"category","embeddable":true,"href":"https:\/\/mixbrasil.org.br\/30\/wp-json\/wp\/v2\/categories?post=313"},{"taxonomy":"post_tag","embeddable":true,"href":"https:\/\/mixbrasil.org.br\/30\/wp-json\/wp\/v2\/tags?post=313"}],"curies":[{"name":"wp","href":"https:\/\/api.w.org\/{rel}","templated":true}]}}