{"id":340,"date":"2022-10-22T23:19:47","date_gmt":"2022-10-23T02:19:47","guid":{"rendered":"https:\/\/bkp.brainwp.com.br\/mix30\/?p=340"},"modified":"2024-12-04T12:39:14","modified_gmt":"2024-12-04T15:39:14","slug":"eu-sou-leo","status":"publish","type":"post","link":"https:\/\/mixbrasil.org.br\/30\/eu-sou-leo\/","title":{"rendered":"Eu Sou Leo"},"content":{"rendered":"<p><strong>15 NOV | TER\u00c7A-FEIRA @ <a href=\"http:\/\/centrocultural.sp.gov.br\/\">SPCINE \u2013 CCSP Lima Barreto<\/a><\/strong><br \/>\n17h30 \u2013\u00a0<a href=\"https:\/\/bkp.brainwp.com.br\/mix30\/category\/cinema\/curtas-mixbrasil\/gen-z\/\">curtas: GEN Z<\/a>\u00a0(70\u2032) \u2013 14 anos<\/p>\n<p><strong>19 NOV | S\u00c1BADO @ <a href=\"http:\/\/centrocultural.sp.gov.br\/\">SPCINE \u2013 CCSP Paulo Emilio<\/a><br \/>\n<\/strong>16h00 \u2013\u00a0<a href=\"https:\/\/bkp.brainwp.com.br\/mix30\/category\/cinema\/curtas-mixbrasil\/gen-z\/\">curtas: GEN Z<\/a>\u00a0(70\u2032) \u2013 14 anos<\/p>\n<hr \/>\n<p>#cinema #trans #fam\u00edlia #corpasdissidentes #juventude #alemanha #formativo #tens\u00e3o<\/p>\n<p><strong>Alemanha &#8211; 2021, 18&#8242;<\/strong><br \/>\n<strong>Dire\u00e7\u00e3o: Tajo Hurrle<\/strong><br \/>\n<strong>Classifica\u00e7\u00e3o: 12 anos<\/strong><\/p>\n<p>Sinopse:<em> De um dia para o outro, todos dizem que Leo \u00e9 agora uma mulher. Mas, para Leo, n\u00e3o \u00e9 bem assim.<\/em><\/p>\n<p><iframe loading=\"lazy\" title=\"Weil ich Leo bin \/ I am Leo - Trailer\" src=\"https:\/\/player.vimeo.com\/video\/664251589?h=8a78166d7d&amp;dnt=1&amp;app_id=122963\" width=\"696\" height=\"392\" frameborder=\"0\" allow=\"autoplay; fullscreen; picture-in-picture\" allowfullscreen><\/iframe><\/p>\n","protected":false},"excerpt":{"rendered":"<p>15 NOV | TER\u00c7A-FEIRA @ SPCINE \u2013 CCSP Lima Barreto 17h30 \u2013\u00a0curtas: GEN Z\u00a0(70\u2032) \u2013 14 anos 19 NOV | S\u00c1BADO @ SPCINE \u2013 CCSP Paulo Emilio 16h00 \u2013\u00a0curtas: GEN Z\u00a0(70\u2032) \u2013 14 anos #cinema #trans #fam\u00edlia #corpasdissidentes #juventude #alemanha #formativo #tens\u00e3o Alemanha &#8211; 2021, 18&#8242; Dire\u00e7\u00e3o: Tajo Hurrle Classifica\u00e7\u00e3o: 12 anos Sinopse: De um [&hellip;]<\/p>\n","protected":false},"author":12,"featured_media":341,"comment_status":"open","ping_status":"closed","sticky":false,"template":"","format":"standard","meta":{"footnotes":""},"categories":[13,306],"tags":[66,98,107,138,150,187,283,290],"class_list":{"0":"post-340","1":"post","2":"type-post","3":"status-publish","4":"format-standard","5":"has-post-thumbnail","7":"category-gen-z","8":"category-cinema","9":"tag-alemanha","10":"tag-cinema","11":"tag-corpasdissidentes","12":"tag-familia","13":"tag-formativo","14":"tag-juventude","15":"tag-tensao","16":"tag-trans"},"_links":{"self":[{"href":"https:\/\/mixbrasil.org.br\/30\/wp-json\/wp\/v2\/posts\/340","targetHints":{"allow":["GET"]}}],"collection":[{"href":"https:\/\/mixbrasil.org.br\/30\/wp-json\/wp\/v2\/posts"}],"about":[{"href":"https:\/\/mixbrasil.org.br\/30\/wp-json\/wp\/v2\/types\/post"}],"author":[{"embeddable":true,"href":"https:\/\/mixbrasil.org.br\/30\/wp-json\/wp\/v2\/users\/12"}],"replies":[{"embeddable":true,"href":"https:\/\/mixbrasil.org.br\/30\/wp-json\/wp\/v2\/comments?post=340"}],"version-history":[{"count":1,"href":"https:\/\/mixbrasil.org.br\/30\/wp-json\/wp\/v2\/posts\/340\/revisions"}],"predecessor-version":[{"id":2543,"href":"https:\/\/mixbrasil.org.br\/30\/wp-json\/wp\/v2\/posts\/340\/revisions\/2543"}],"wp:featuredmedia":[{"embeddable":true,"href":"https:\/\/mixbrasil.org.br\/30\/wp-json\/wp\/v2\/media\/341"}],"wp:attachment":[{"href":"https:\/\/mixbrasil.org.br\/30\/wp-json\/wp\/v2\/media?parent=340"}],"wp:term":[{"taxonomy":"category","embeddable":true,"href":"https:\/\/mixbrasil.org.br\/30\/wp-json\/wp\/v2\/categories?post=340"},{"taxonomy":"post_tag","embeddable":true,"href":"https:\/\/mixbrasil.org.br\/30\/wp-json\/wp\/v2\/tags?post=340"}],"curies":[{"name":"wp","href":"https:\/\/api.w.org\/{rel}","templated":true}]}}