{"id":355,"date":"2022-10-22T23:58:16","date_gmt":"2022-10-23T02:58:16","guid":{"rendered":"https:\/\/bkp.brainwp.com.br\/mix30\/?p=355"},"modified":"2024-12-04T12:39:14","modified_gmt":"2024-12-04T15:39:14","slug":"o-ziper-da-minha-calca-esta-aberto-como-meu-coracao","status":"publish","type":"post","link":"https:\/\/mixbrasil.org.br\/30\/o-ziper-da-minha-calca-esta-aberto-como-meu-coracao\/","title":{"rendered":"O Z\u00edper da Minha Cal\u00e7a Est\u00e1 Aberto. Como Meu Cora\u00e7\u00e3o."},"content":{"rendered":"<p><strong>10 NOV | QUINTA-FEIRA @ <a href=\"https:\/\/www.sescsp.org.br\/unidades\/cinesesc\/\">CINESESC<\/a><\/strong><br \/>\n15h30 \u2013\u00a0<a href=\"https:\/\/bkp.brainwp.com.br\/mix30\/category\/cinema\/curtas-mixbrasil\/lesbianas\/\">curtas: LESBIANAS<\/a>\u00a0(87\u2032) \u2013 18 anos<\/p>\n<p><strong>18 NOV | SEXTA-FEIRA @ <a href=\"http:\/\/centrocultural.sp.gov.br\/\">SPCINE \u2013 CCSP Paulo Emilio<\/a><\/strong><br \/>\n20h00 \u2013\u00a0<a href=\"https:\/\/bkp.brainwp.com.br\/mix30\/category\/cinema\/curtas-mixbrasil\/lesbianas\/\">curtas: LESBIANAS<\/a>\u00a0(87\u2032) \u2013 18 anos<\/p>\n<hr \/>\n<p style=\"text-align: justify\">#cinema #l\u00e9sbica #queer #juventude #expl\u00edcito #fetiche #\u00e1ustria #tens\u00e3o #tes\u00e3o<\/p>\n<p style=\"text-align: justify\"><strong>\u00c1ustria &#8211; 2022, 28&#8242;<\/strong><br \/>\n<strong>Dire\u00e7\u00e3o: Marie Luise Lehner<\/strong><br \/>\n<strong>Classifica\u00e7\u00e3o: 16 anos<\/strong><\/p>\n<p style=\"text-align: justify\">Sinopse: <em>Thea \u00e9 uma jovem mulher que se entrega a devaneios er\u00f3ticos. Dentre as principais atrizes do cinema er\u00f3tico que passam por sua cabe\u00e7a est\u00e3o: a deslumbrante barwoman de um bar da moda; a bela prima de Laura vestindo uma atrevida camisa de malha; a superloira Sasha, expert em bondage. Mas, mesmo em sua imagina\u00e7\u00e3o, Thea encontra alguns obst\u00e1culos.<\/em><\/p>\n<p><iframe loading=\"lazy\" title=\"Mein Hosenschlitz ist offen. Wie mein Herz. Trailer\" width=\"696\" height=\"392\" src=\"https:\/\/www.youtube.com\/embed\/qXnknj2IvSo?feature=oembed\" frameborder=\"0\" allow=\"accelerometer; autoplay; clipboard-write; encrypted-media; gyroscope; picture-in-picture\" allowfullscreen><\/iframe><\/p>\n","protected":false},"excerpt":{"rendered":"<p>10 NOV | QUINTA-FEIRA @ CINESESC 15h30 \u2013\u00a0curtas: LESBIANAS\u00a0(87\u2032) \u2013 18 anos 18 NOV | SEXTA-FEIRA @ SPCINE \u2013 CCSP Paulo Emilio 20h00 \u2013\u00a0curtas: LESBIANAS\u00a0(87\u2032) \u2013 18 anos #cinema #l\u00e9sbica #queer #juventude #expl\u00edcito #fetiche #\u00e1ustria #tens\u00e3o #tes\u00e3o \u00c1ustria &#8211; 2022, 28&#8242; Dire\u00e7\u00e3o: Marie Luise Lehner Classifica\u00e7\u00e3o: 16 anos Sinopse: Thea \u00e9 uma jovem mulher que [&hellip;]<\/p>\n","protected":false},"author":12,"featured_media":356,"comment_status":"open","ping_status":"closed","sticky":false,"template":"","format":"standard","meta":{"footnotes":""},"categories":[14,306],"tags":[190,250,283,285,81,98,137,144,187],"class_list":{"0":"post-355","1":"post","2":"type-post","3":"status-publish","4":"format-standard","5":"has-post-thumbnail","7":"category-lesbianas","8":"category-cinema","9":"tag-lesbica","10":"tag-queer-en","11":"tag-tensao","12":"tag-tesao","13":"tag-austria","14":"tag-cinema","15":"tag-explicito","16":"tag-fetiche","17":"tag-juventude"},"_links":{"self":[{"href":"https:\/\/mixbrasil.org.br\/30\/wp-json\/wp\/v2\/posts\/355","targetHints":{"allow":["GET"]}}],"collection":[{"href":"https:\/\/mixbrasil.org.br\/30\/wp-json\/wp\/v2\/posts"}],"about":[{"href":"https:\/\/mixbrasil.org.br\/30\/wp-json\/wp\/v2\/types\/post"}],"author":[{"embeddable":true,"href":"https:\/\/mixbrasil.org.br\/30\/wp-json\/wp\/v2\/users\/12"}],"replies":[{"embeddable":true,"href":"https:\/\/mixbrasil.org.br\/30\/wp-json\/wp\/v2\/comments?post=355"}],"version-history":[{"count":1,"href":"https:\/\/mixbrasil.org.br\/30\/wp-json\/wp\/v2\/posts\/355\/revisions"}],"predecessor-version":[{"id":2536,"href":"https:\/\/mixbrasil.org.br\/30\/wp-json\/wp\/v2\/posts\/355\/revisions\/2536"}],"wp:featuredmedia":[{"embeddable":true,"href":"https:\/\/mixbrasil.org.br\/30\/wp-json\/wp\/v2\/media\/356"}],"wp:attachment":[{"href":"https:\/\/mixbrasil.org.br\/30\/wp-json\/wp\/v2\/media?parent=355"}],"wp:term":[{"taxonomy":"category","embeddable":true,"href":"https:\/\/mixbrasil.org.br\/30\/wp-json\/wp\/v2\/categories?post=355"},{"taxonomy":"post_tag","embeddable":true,"href":"https:\/\/mixbrasil.org.br\/30\/wp-json\/wp\/v2\/tags?post=355"}],"curies":[{"name":"wp","href":"https:\/\/api.w.org\/{rel}","templated":true}]}}