{"id":370,"date":"2022-10-23T00:14:31","date_gmt":"2022-10-23T03:14:31","guid":{"rendered":"https:\/\/bkp.brainwp.com.br\/mix30\/?p=370"},"modified":"2024-12-04T12:39:14","modified_gmt":"2024-12-04T15:39:14","slug":"meio-ano-luz","status":"publish","type":"post","link":"https:\/\/mixbrasil.org.br\/30\/meio-ano-luz\/","title":{"rendered":"Meio Ano-Luz"},"content":{"rendered":"<p><strong>17 NOV | QUINTA-FEIRA @ <a href=\"http:\/\/centrocultural.sp.gov.br\/\">SPCINE \u2013 CCSP Lima Barreto<\/a><\/strong><br \/>\n19h30 \u2013\u00a0<a href=\"https:\/\/bkp.brainwp.com.br\/mix30\/category\/cinema\/curtas-mixbrasil\/mixtape\/\">curtas: MIXTAPE<\/a>\u00a0(67\u2032) \u2013 16 anos<\/p>\n<p><strong>19 NOV | S\u00c1BADO @ <a href=\"http:\/\/centrocultural.sp.gov.br\/\">SPCINE \u2013 CCSP Lima Barreto<\/a><br \/>\n<\/strong>15h30 \u2013\u00a0<a href=\"https:\/\/bkp.brainwp.com.br\/mix30\/category\/cinema\/curtas-mixbrasil\/mixtape\/\">curtas: MIXTAPE<\/a>\u00a0(67\u2032) \u2013 16 anos<\/p>\n<hr \/>\n<p style=\"text-align: justify\">#cinema #gay #amigues #brasil #CE #portugal #documental<\/p>\n<p style=\"text-align: justify\"><strong>Brasil, Portugal \/ Fortaleza-CE, Lisboa, 2021, 19&#8242;<\/strong><br \/>\n<strong>Dire\u00e7\u00e3o: Leonardo Mouramateus<\/strong><br \/>\n<strong>Classifica\u00e7\u00e3o: Livre<\/strong><\/p>\n<p style=\"text-align: justify\">Sinopse: <em>Um rapaz se senta numa rua movimentada de Lisboa para desenhar as pessoas que passam. N\u00e3o muito distante, um casal conversa sobre a origem de uma carteira encontrada meses antes. A luz de um momento \u00e9 refletida sobre o outro.<\/em><\/p>\n<div class=\"youtube-embed\" data-video_id=\"ccO1CKxRFOw\"><iframe loading=\"lazy\" title=\"Trailer MEIO ANO LUZ | \u00c9 Tudo Verdade 2022\" width=\"696\" height=\"392\" src=\"https:\/\/www.youtube.com\/embed\/ccO1CKxRFOw?feature=oembed&#038;enablejsapi=1\" frameborder=\"0\" allow=\"accelerometer; autoplay; clipboard-write; encrypted-media; gyroscope; picture-in-picture\" allowfullscreen><\/iframe><\/div>\n","protected":false},"excerpt":{"rendered":"<p>17 NOV | QUINTA-FEIRA @ SPCINE \u2013 CCSP Lima Barreto 19h30 \u2013\u00a0curtas: MIXTAPE\u00a0(67\u2032) \u2013 16 anos 19 NOV | S\u00c1BADO @ SPCINE \u2013 CCSP Lima Barreto 15h30 \u2013\u00a0curtas: MIXTAPE\u00a0(67\u2032) \u2013 16 anos #cinema #gay #amigues #brasil #CE #portugal #documental Brasil, Portugal \/ Fortaleza-CE, Lisboa, 2021, 19&#8242; Dire\u00e7\u00e3o: Leonardo Mouramateus Classifica\u00e7\u00e3o: Livre Sinopse: Um rapaz se [&hellip;]<\/p>\n","protected":false},"author":12,"featured_media":371,"comment_status":"open","ping_status":"closed","sticky":false,"template":"","format":"standard","meta":{"footnotes":""},"categories":[15,306],"tags":[70,90,94,98,120,156,247],"class_list":{"0":"post-370","1":"post","2":"type-post","3":"status-publish","4":"format-standard","5":"has-post-thumbnail","7":"category-mixtape","8":"category-cinema","9":"tag-amigues","10":"tag-brasil","11":"tag-ce-en","12":"tag-cinema","13":"tag-documental","14":"tag-gay","15":"tag-portugal-en"},"_links":{"self":[{"href":"https:\/\/mixbrasil.org.br\/30\/wp-json\/wp\/v2\/posts\/370","targetHints":{"allow":["GET"]}}],"collection":[{"href":"https:\/\/mixbrasil.org.br\/30\/wp-json\/wp\/v2\/posts"}],"about":[{"href":"https:\/\/mixbrasil.org.br\/30\/wp-json\/wp\/v2\/types\/post"}],"author":[{"embeddable":true,"href":"https:\/\/mixbrasil.org.br\/30\/wp-json\/wp\/v2\/users\/12"}],"replies":[{"embeddable":true,"href":"https:\/\/mixbrasil.org.br\/30\/wp-json\/wp\/v2\/comments?post=370"}],"version-history":[{"count":1,"href":"https:\/\/mixbrasil.org.br\/30\/wp-json\/wp\/v2\/posts\/370\/revisions"}],"predecessor-version":[{"id":2530,"href":"https:\/\/mixbrasil.org.br\/30\/wp-json\/wp\/v2\/posts\/370\/revisions\/2530"}],"wp:featuredmedia":[{"embeddable":true,"href":"https:\/\/mixbrasil.org.br\/30\/wp-json\/wp\/v2\/media\/371"}],"wp:attachment":[{"href":"https:\/\/mixbrasil.org.br\/30\/wp-json\/wp\/v2\/media?parent=370"}],"wp:term":[{"taxonomy":"category","embeddable":true,"href":"https:\/\/mixbrasil.org.br\/30\/wp-json\/wp\/v2\/categories?post=370"},{"taxonomy":"post_tag","embeddable":true,"href":"https:\/\/mixbrasil.org.br\/30\/wp-json\/wp\/v2\/tags?post=370"}],"curies":[{"name":"wp","href":"https:\/\/api.w.org\/{rel}","templated":true}]}}