{"id":373,"date":"2022-10-23T00:16:47","date_gmt":"2022-10-23T03:16:47","guid":{"rendered":"https:\/\/bkp.brainwp.com.br\/mix30\/?p=373"},"modified":"2024-12-04T12:39:14","modified_gmt":"2024-12-04T15:39:14","slug":"naquele-dia-escuro","status":"publish","type":"post","link":"https:\/\/mixbrasil.org.br\/30\/naquele-dia-escuro\/","title":{"rendered":"Naquele Dia Escuro"},"content":{"rendered":"<p><strong>17 NOV | QUINTA-FEIRA @ <a href=\"http:\/\/centrocultural.sp.gov.br\/\">SPCINE \u2013 CCSP Lima Barreto<\/a><\/strong><br \/>\n19h30 \u2013\u00a0<a href=\"https:\/\/bkp.brainwp.com.br\/mix30\/category\/cinema\/curtas-mixbrasil\/mixtape\/\">curtas: MIXTAPE<\/a>\u00a0(67\u2032) \u2013 16 anos<\/p>\n<p><strong>19 NOV | S\u00c1BADO @ <a href=\"http:\/\/centrocultural.sp.gov.br\/\">SPCINE \u2013 CCSP Lima Barreto<\/a><br \/>\n<\/strong>15h30 \u2013\u00a0<a href=\"https:\/\/bkp.brainwp.com.br\/mix30\/category\/cinema\/curtas-mixbrasil\/mixtape\/\">curtas: MIXTAPE<\/a>\u00a0(67\u2032) \u2013 16 anos<\/p>\n<hr \/>\n<p style=\"text-align: justify\">#cinema #trans #gay #solid\u00e3o #brasil #SP #inten\u00e7\u00e3o #tens\u00e3o<\/p>\n<p style=\"text-align: justify\"><strong>Brasil, S\u00e3o Paulo-SP, 2022, 29&#8242;<\/strong><br \/>\n<strong>Dire\u00e7\u00e3o: Daniel Guarda<\/strong><br \/>\n<strong>Classifica\u00e7\u00e3o: 16 anos<\/strong><\/p>\n<p style=\"text-align: justify\">Sinopse:<em> F\u00e1bio, um jovem homem trans, \u00e9 cuidador de idosos. Louise, mulher cis madura, est\u00e1 doente. Em meio a uma sociedade polarizada e intolerante, eles t\u00eam um ao outro para aprender a dizer adeus. Ele, a um relacionamento terminado abruptamente. Ela, longe da fam\u00edlia, \u00e0 pr\u00f3pria vida.<\/em><\/p>\n<p><iframe loading=\"lazy\" title=\"NAQUELE DIA ESCURO - TRAILER\" src=\"https:\/\/player.vimeo.com\/video\/758359675?h=970d623c6c&amp;dnt=1&amp;app_id=122963\" width=\"696\" height=\"392\" frameborder=\"0\" allow=\"autoplay; fullscreen; picture-in-picture\" allowfullscreen><\/iframe><\/p>\n","protected":false},"excerpt":{"rendered":"<p>17 NOV | QUINTA-FEIRA @ SPCINE \u2013 CCSP Lima Barreto 19h30 \u2013\u00a0curtas: MIXTAPE\u00a0(67\u2032) \u2013 16 anos 19 NOV | S\u00c1BADO @ SPCINE \u2013 CCSP Lima Barreto 15h30 \u2013\u00a0curtas: MIXTAPE\u00a0(67\u2032) \u2013 16 anos #cinema #trans #gay #solid\u00e3o #brasil #SP #inten\u00e7\u00e3o #tens\u00e3o Brasil, S\u00e3o Paulo-SP, 2022, 29&#8242; Dire\u00e7\u00e3o: Daniel Guarda Classifica\u00e7\u00e3o: 16 anos Sinopse: F\u00e1bio, um jovem [&hellip;]<\/p>\n","protected":false},"author":12,"featured_media":374,"comment_status":"open","ping_status":"closed","sticky":false,"template":"","format":"standard","meta":{"footnotes":""},"categories":[15,306],"tags":[290,90,98,156,181,271,272,283],"class_list":{"0":"post-373","1":"post","2":"type-post","3":"status-publish","4":"format-standard","5":"has-post-thumbnail","7":"category-mixtape","8":"category-cinema","9":"tag-trans","10":"tag-brasil","11":"tag-cinema","12":"tag-gay","13":"tag-intencao","14":"tag-solidao","15":"tag-sp-en","16":"tag-tensao"},"_links":{"self":[{"href":"https:\/\/mixbrasil.org.br\/30\/wp-json\/wp\/v2\/posts\/373","targetHints":{"allow":["GET"]}}],"collection":[{"href":"https:\/\/mixbrasil.org.br\/30\/wp-json\/wp\/v2\/posts"}],"about":[{"href":"https:\/\/mixbrasil.org.br\/30\/wp-json\/wp\/v2\/types\/post"}],"author":[{"embeddable":true,"href":"https:\/\/mixbrasil.org.br\/30\/wp-json\/wp\/v2\/users\/12"}],"replies":[{"embeddable":true,"href":"https:\/\/mixbrasil.org.br\/30\/wp-json\/wp\/v2\/comments?post=373"}],"version-history":[{"count":1,"href":"https:\/\/mixbrasil.org.br\/30\/wp-json\/wp\/v2\/posts\/373\/revisions"}],"predecessor-version":[{"id":2529,"href":"https:\/\/mixbrasil.org.br\/30\/wp-json\/wp\/v2\/posts\/373\/revisions\/2529"}],"wp:featuredmedia":[{"embeddable":true,"href":"https:\/\/mixbrasil.org.br\/30\/wp-json\/wp\/v2\/media\/374"}],"wp:attachment":[{"href":"https:\/\/mixbrasil.org.br\/30\/wp-json\/wp\/v2\/media?parent=373"}],"wp:term":[{"taxonomy":"category","embeddable":true,"href":"https:\/\/mixbrasil.org.br\/30\/wp-json\/wp\/v2\/categories?post=373"},{"taxonomy":"post_tag","embeddable":true,"href":"https:\/\/mixbrasil.org.br\/30\/wp-json\/wp\/v2\/tags?post=373"}],"curies":[{"name":"wp","href":"https:\/\/api.w.org\/{rel}","templated":true}]}}