{"id":388,"date":"2022-10-23T00:27:22","date_gmt":"2022-10-23T03:27:22","guid":{"rendered":"https:\/\/bkp.brainwp.com.br\/mix30\/?p=388"},"modified":"2024-12-04T12:39:14","modified_gmt":"2024-12-04T15:39:14","slug":"cru","status":"publish","type":"post","link":"https:\/\/mixbrasil.org.br\/30\/cru\/","title":{"rendered":"Cru"},"content":{"rendered":"<p><strong>15 NOV | TER\u00c7A-FEIRA @ <a href=\"http:\/\/centrocultural.sp.gov.br\/\">SPCINE \u2013 CCSP Paulo Emilio<\/a><\/strong><br \/>\n20h00 \u2013\u00a0<a href=\"https:\/\/bkp.brainwp.com.br\/mix30\/category\/cinema\/curtas-mixbrasil\/pele-selvagem\/\">curtas: PELE SELVAGEM<\/a>\u00a0(79\u2032) \u2013 16 anos<\/p>\n<p><strong>19 NOV | S\u00c1BADO @ <a href=\"http:\/\/centrocultural.sp.gov.br\/\">SPCINE \u2013 CCSP Paulo Emilio<\/a><\/strong><br \/>\n20h00 \u2013\u00a0<a href=\"https:\/\/bkp.brainwp.com.br\/mix30\/category\/cinema\/curtas-mixbrasil\/pele-selvagem\/\">curtas: PELE SELVAGEM<\/a>\u00a0(79\u2032) \u2013 16 anos<\/p>\n<hr \/>\n<p style=\"text-align: justify\">#cinema #gay #fetiche #juventude #espanha #tens\u00e3o #tes\u00e3o<\/p>\n<p style=\"text-align: justify\"><strong>Espanha &#8211; 2022, 20&#8242;<\/strong><br \/>\n<strong>Dire\u00e7\u00e3o: Rafael Martinez Calle<\/strong><br \/>\n<strong>Classifica\u00e7\u00e3o: 16 anos<\/strong><\/p>\n<p style=\"text-align: justify\">Sinopse: <em>Jose, um adolescente que nunca saiu de seu vilarejo em Andaluzia, passa o ver\u00e3o no a\u00e7ougue de seu pai. Ao executar uma tarefa ele encontrar\u00e1 um homem misterioso que despertar\u00e1 nele sentimentos desconhecidos at\u00e9 ent\u00e3o.<\/em><\/p>\n<p><iframe loading=\"lazy\" title=\"Trailer Short film &amp;quot;CRUDO&amp;quot; 2022 DE RAFAEL MART&amp;Iacute;NEZ\" src=\"https:\/\/player.vimeo.com\/video\/667726868?h=f9551c763f&amp;dnt=1&amp;app_id=122963\" width=\"696\" height=\"296\" frameborder=\"0\" allow=\"autoplay; fullscreen; picture-in-picture\" allowfullscreen><\/iframe><\/p>\n","protected":false},"excerpt":{"rendered":"<p>15 NOV | TER\u00c7A-FEIRA @ SPCINE \u2013 CCSP Paulo Emilio 20h00 \u2013\u00a0curtas: PELE SELVAGEM\u00a0(79\u2032) \u2013 16 anos 19 NOV | S\u00c1BADO @ SPCINE \u2013 CCSP Paulo Emilio 20h00 \u2013\u00a0curtas: PELE SELVAGEM\u00a0(79\u2032) \u2013 16 anos #cinema #gay #fetiche #juventude #espanha #tens\u00e3o #tes\u00e3o Espanha &#8211; 2022, 20&#8242; Dire\u00e7\u00e3o: Rafael Martinez Calle Classifica\u00e7\u00e3o: 16 anos Sinopse: Jose, um [&hellip;]<\/p>\n","protected":false},"author":12,"featured_media":389,"comment_status":"open","ping_status":"closed","sticky":false,"template":"","format":"standard","meta":{"footnotes":""},"categories":[17,306],"tags":[98,130,144,156,187,283,285],"class_list":{"0":"post-388","1":"post","2":"type-post","3":"status-publish","4":"format-standard","5":"has-post-thumbnail","7":"category-pele-selvagem","8":"category-cinema","10":"tag-espanha","11":"tag-fetiche","12":"tag-gay","13":"tag-juventude","14":"tag-tensao","15":"tag-tesao"},"_links":{"self":[{"href":"https:\/\/mixbrasil.org.br\/30\/wp-json\/wp\/v2\/posts\/388","targetHints":{"allow":["GET"]}}],"collection":[{"href":"https:\/\/mixbrasil.org.br\/30\/wp-json\/wp\/v2\/posts"}],"about":[{"href":"https:\/\/mixbrasil.org.br\/30\/wp-json\/wp\/v2\/types\/post"}],"author":[{"embeddable":true,"href":"https:\/\/mixbrasil.org.br\/30\/wp-json\/wp\/v2\/users\/12"}],"replies":[{"embeddable":true,"href":"https:\/\/mixbrasil.org.br\/30\/wp-json\/wp\/v2\/comments?post=388"}],"version-history":[{"count":1,"href":"https:\/\/mixbrasil.org.br\/30\/wp-json\/wp\/v2\/posts\/388\/revisions"}],"predecessor-version":[{"id":2523,"href":"https:\/\/mixbrasil.org.br\/30\/wp-json\/wp\/v2\/posts\/388\/revisions\/2523"}],"wp:featuredmedia":[{"embeddable":true,"href":"https:\/\/mixbrasil.org.br\/30\/wp-json\/wp\/v2\/media\/389"}],"wp:attachment":[{"href":"https:\/\/mixbrasil.org.br\/30\/wp-json\/wp\/v2\/media?parent=388"}],"wp:term":[{"taxonomy":"category","embeddable":true,"href":"https:\/\/mixbrasil.org.br\/30\/wp-json\/wp\/v2\/categories?post=388"},{"taxonomy":"post_tag","embeddable":true,"href":"https:\/\/mixbrasil.org.br\/30\/wp-json\/wp\/v2\/tags?post=388"}],"curies":[{"name":"wp","href":"https:\/\/api.w.org\/{rel}","templated":true}]}}