{"id":400,"date":"2022-10-23T00:35:34","date_gmt":"2022-10-23T03:35:34","guid":{"rendered":"https:\/\/bkp.brainwp.com.br\/mix30\/?p=400"},"modified":"2022-10-23T00:35:34","modified_gmt":"2022-10-23T03:35:34","slug":"joao","status":"publish","type":"post","link":"https:\/\/mixbrasil.org.br\/30\/joao\/","title":{"rendered":"Jo\u00e3o"},"content":{"rendered":"<p><strong>15 NOV | TER\u00c7A-FEIRA @ <a href=\"http:\/\/centrocultural.sp.gov.br\/\">SPCINE \u2013 CCSP Paulo Emilio<\/a><\/strong><br \/>\n20h00 \u2013\u00a0<a href=\"https:\/\/bkp.brainwp.com.br\/mix30\/category\/cinema\/curtas-mixbrasil\/pele-selvagem\/\">curtas: PELE SELVAGEM<\/a>\u00a0(79\u2032) \u2013 16 anos<\/p>\n<p><strong>19 NOV | S\u00c1BADO @ <a href=\"http:\/\/centrocultural.sp.gov.br\/\">SPCINE \u2013 CCSP Paulo Emilio<\/a><\/strong><br \/>\n20h00 \u2013\u00a0<a href=\"https:\/\/bkp.brainwp.com.br\/mix30\/category\/cinema\/curtas-mixbrasil\/pele-selvagem\/\">curtas: PELE SELVAGEM<\/a>\u00a0(79\u2032) \u2013 16 anos<\/p>\n<hr \/>\n<p>#cinema #gay #expl\u00edcito #juventude #brasil #PA #tes\u00e3o<\/p>\n<p><strong>Brasil, Marab\u00e1-PA, 2022, 7&#8242;<\/strong><br \/>\n<strong>Dire\u00e7\u00e3o: Rafa Maciel<\/strong><br \/>\n<strong>Classifica\u00e7\u00e3o: 16 anos<\/strong><\/p>\n<p>Sinopse: <em>Amor l\u00edquido e liberdade sexual de um jovem gay na Amaz\u00f4nia.<\/em><\/p>\n<div class=\"youtube-embed\" data-video_id=\"spEUoPUbFho\"><iframe loading=\"lazy\" title=\"Trailer curta metragem &quot;Jo\u00e3o&quot; (short film trailer &quot;John&quot;)\" width=\"696\" height=\"392\" src=\"https:\/\/www.youtube.com\/embed\/spEUoPUbFho?feature=oembed&#038;enablejsapi=1\" frameborder=\"0\" allow=\"accelerometer; autoplay; clipboard-write; encrypted-media; gyroscope; picture-in-picture\" allowfullscreen><\/iframe><\/div>\n","protected":false},"excerpt":{"rendered":"<p>15 NOV | TER\u00c7A-FEIRA @ SPCINE \u2013 CCSP Paulo Emilio 20h00 \u2013\u00a0curtas: PELE SELVAGEM\u00a0(79\u2032) \u2013 16 anos 19 NOV | S\u00c1BADO @ SPCINE \u2013 CCSP Paulo Emilio 20h00 \u2013\u00a0curtas: PELE SELVAGEM\u00a0(79\u2032) \u2013 16 anos #cinema #gay #expl\u00edcito #juventude #brasil #PA #tes\u00e3o Brasil, Marab\u00e1-PA, 2022, 7&#8242; Dire\u00e7\u00e3o: Rafa Maciel Classifica\u00e7\u00e3o: 16 anos Sinopse: Amor l\u00edquido e [&hellip;]<\/p>\n","protected":false},"author":12,"featured_media":401,"comment_status":"open","ping_status":"closed","sticky":false,"template":"","format":"standard","meta":{"footnotes":""},"categories":[48],"tags":[91,99,136,157,169,230,299],"class_list":{"0":"post-400","1":"post","2":"type-post","3":"status-publish","4":"format-standard","5":"has-post-thumbnail","7":"category-shorts-hot-skin","8":"tag-brazil","9":"tag-cinema-en","10":"tag-explicit","11":"tag-gay-en","12":"tag-horny","13":"tag-pa-en","14":"tag-youth"},"_links":{"self":[{"href":"https:\/\/mixbrasil.org.br\/30\/wp-json\/wp\/v2\/posts\/400","targetHints":{"allow":["GET"]}}],"collection":[{"href":"https:\/\/mixbrasil.org.br\/30\/wp-json\/wp\/v2\/posts"}],"about":[{"href":"https:\/\/mixbrasil.org.br\/30\/wp-json\/wp\/v2\/types\/post"}],"author":[{"embeddable":true,"href":"https:\/\/mixbrasil.org.br\/30\/wp-json\/wp\/v2\/users\/12"}],"replies":[{"embeddable":true,"href":"https:\/\/mixbrasil.org.br\/30\/wp-json\/wp\/v2\/comments?post=400"}],"version-history":[{"count":0,"href":"https:\/\/mixbrasil.org.br\/30\/wp-json\/wp\/v2\/posts\/400\/revisions"}],"wp:featuredmedia":[{"embeddable":true,"href":"https:\/\/mixbrasil.org.br\/30\/wp-json\/wp\/v2\/media\/401"}],"wp:attachment":[{"href":"https:\/\/mixbrasil.org.br\/30\/wp-json\/wp\/v2\/media?parent=400"}],"wp:term":[{"taxonomy":"category","embeddable":true,"href":"https:\/\/mixbrasil.org.br\/30\/wp-json\/wp\/v2\/categories?post=400"},{"taxonomy":"post_tag","embeddable":true,"href":"https:\/\/mixbrasil.org.br\/30\/wp-json\/wp\/v2\/tags?post=400"}],"curies":[{"name":"wp","href":"https:\/\/api.w.org\/{rel}","templated":true}]}}