{"id":415,"date":"2022-10-23T00:46:43","date_gmt":"2022-10-23T03:46:43","guid":{"rendered":"https:\/\/bkp.brainwp.com.br\/mix30\/?p=415"},"modified":"2024-12-04T12:37:56","modified_gmt":"2024-12-04T15:37:56","slug":"aluisio-o-silencio-e-o-mar","status":"publish","type":"post","link":"https:\/\/mixbrasil.org.br\/30\/aluisio-o-silencio-e-o-mar\/","title":{"rendered":"Alu\u00edsio, o Sil\u00eancio e o Mar"},"content":{"rendered":"<p><strong>15 NOV | TER\u00c7A-FEIRA @ <a href=\"http:\/\/centrocultural.sp.gov.br\/\">SPCINE \u2013 CCSP Lima Barreto<\/a><\/strong><br \/>\n19h30 \u2013\u00a0<a href=\"https:\/\/bkp.brainwp.com.br\/mix30\/category\/cinema\/curtas-mixbrasil\/sweet-sour\/\">curtas: SWEET &amp; SOUR<\/a>\u00a0(68\u2032) \u2013 14 anos<\/p>\n<p><strong>18 NOV | SEXTA-FEIRA @ <a href=\"http:\/\/centrocultural.sp.gov.br\/\">SPCINE \u2013 CCSP Lima Barreto<\/a><\/strong><br \/>\n15h30 \u2013\u00a0<a href=\"https:\/\/bkp.brainwp.com.br\/mix30\/category\/cinema\/curtas-mixbrasil\/sweet-sour\/\">curtas: SWEET &amp; SOUR<\/a>\u00a0(68\u2032) \u2013 14 anos<\/p>\n<hr \/>\n<p style=\"text-align: justify\">#cinema #gay #solid\u00e3o #brasil #PB #tens\u00e3o #tes\u00e3o<\/p>\n<p style=\"text-align: justify\"><strong>Brasil, Jo\u00e3o Pessoa-PB, 2022, 19&#8242;<\/strong><br \/>\n<strong>Dire\u00e7\u00e3o: Luiz Carlos Vasconcelos<\/strong><br \/>\n<strong>Classifica\u00e7\u00e3o: 14 anos<\/strong><\/p>\n<p style=\"text-align: justify\">Sinopse: <em>Alu\u00edsio vive em sil\u00eancio ap\u00f3s a morte do filho, Josias. Sob o olhar constante do mar, o encontro inesperado com Jonas e o in\u00edcio de uma rela\u00e7\u00e3o de mist\u00e9rio e desejo entre as areias da praia deserta<\/em>.<\/p>\n<p><iframe loading=\"lazy\" title=\"Alui\u0301sio, o Sile\u0302ncio e o Mar (trailer).mov\" src=\"https:\/\/player.vimeo.com\/video\/767654750?h=d571850340&amp;dnt=1&amp;app_id=122963\" width=\"568\" height=\"320\" frameborder=\"0\" allow=\"autoplay; fullscreen; picture-in-picture\" allowfullscreen><\/iframe><\/p>\n","protected":false},"excerpt":{"rendered":"<p>15 NOV | TER\u00c7A-FEIRA @ SPCINE \u2013 CCSP Lima Barreto 19h30 \u2013\u00a0curtas: SWEET &amp; SOUR\u00a0(68\u2032) \u2013 14 anos 18 NOV | SEXTA-FEIRA @ SPCINE \u2013 CCSP Lima Barreto 15h30 \u2013\u00a0curtas: SWEET &amp; SOUR\u00a0(68\u2032) \u2013 14 anos #cinema #gay #solid\u00e3o #brasil #PB #tens\u00e3o #tes\u00e3o Brasil, Jo\u00e3o Pessoa-PB, 2022, 19&#8242; Dire\u00e7\u00e3o: Luiz Carlos Vasconcelos Classifica\u00e7\u00e3o: 14 anos [&hellip;]<\/p>\n","protected":false},"author":12,"featured_media":416,"comment_status":"open","ping_status":"closed","sticky":false,"template":"","format":"standard","meta":{"footnotes":""},"categories":[18,306],"tags":[90,98,156,231,271,283,285],"class_list":{"0":"post-415","1":"post","2":"type-post","3":"status-publish","4":"format-standard","5":"has-post-thumbnail","7":"category-sweet-sour","8":"category-cinema","9":"tag-brasil","10":"tag-cinema","11":"tag-gay","12":"tag-pb-en","13":"tag-solidao","14":"tag-tensao","15":"tag-tesao"},"_links":{"self":[{"href":"https:\/\/mixbrasil.org.br\/30\/wp-json\/wp\/v2\/posts\/415","targetHints":{"allow":["GET"]}}],"collection":[{"href":"https:\/\/mixbrasil.org.br\/30\/wp-json\/wp\/v2\/posts"}],"about":[{"href":"https:\/\/mixbrasil.org.br\/30\/wp-json\/wp\/v2\/types\/post"}],"author":[{"embeddable":true,"href":"https:\/\/mixbrasil.org.br\/30\/wp-json\/wp\/v2\/users\/12"}],"replies":[{"embeddable":true,"href":"https:\/\/mixbrasil.org.br\/30\/wp-json\/wp\/v2\/comments?post=415"}],"version-history":[{"count":1,"href":"https:\/\/mixbrasil.org.br\/30\/wp-json\/wp\/v2\/posts\/415\/revisions"}],"predecessor-version":[{"id":2512,"href":"https:\/\/mixbrasil.org.br\/30\/wp-json\/wp\/v2\/posts\/415\/revisions\/2512"}],"wp:featuredmedia":[{"embeddable":true,"href":"https:\/\/mixbrasil.org.br\/30\/wp-json\/wp\/v2\/media\/416"}],"wp:attachment":[{"href":"https:\/\/mixbrasil.org.br\/30\/wp-json\/wp\/v2\/media?parent=415"}],"wp:term":[{"taxonomy":"category","embeddable":true,"href":"https:\/\/mixbrasil.org.br\/30\/wp-json\/wp\/v2\/categories?post=415"},{"taxonomy":"post_tag","embeddable":true,"href":"https:\/\/mixbrasil.org.br\/30\/wp-json\/wp\/v2\/tags?post=415"}],"curies":[{"name":"wp","href":"https:\/\/api.w.org\/{rel}","templated":true}]}}