{"id":501,"date":"2022-10-24T15:18:15","date_gmt":"2022-10-24T18:18:15","guid":{"rendered":"https:\/\/bkp.brainwp.com.br\/mix30\/?p=501"},"modified":"2022-10-24T15:18:15","modified_gmt":"2022-10-24T18:18:15","slug":"viver-e-urgente","status":"publish","type":"post","link":"https:\/\/mixbrasil.org.br\/30\/viver-e-urgente\/","title":{"rendered":"Viver \u00c9 Urgente"},"content":{"rendered":"<p><strong>18 NOV | SEXTA-FEIRA @ <a href=\"http:\/\/centrocultural.sp.gov.br\/\">CCSP \u2013 SALA ADONIRAN BARBOSA<\/a><br \/>\n<\/strong>19h00\u00a0(120\u2032) 18 anos | Performance<\/p>\n<hr \/>\n<p>#queer #gay #documental #performativo #dramatica<\/p>\n<p style=\"text-align: justify\">&#8220;Quando houver o espectro de morte, operar vida.&#8221; Esta era uma das frases mais profanadas pelo nosso fundador e encenador Marcelo Denny (1969-2020). Sua morte veio assolando o grupo que se viu violentado pelo Estado, pelos direitos e pela falta de amparo para ritualizar sua passagem.<\/p>\n<p style=\"text-align: justify\">Sem podermos nos reunir em eventos, com a pandemia em seu auge, sem vacinas e sem perspectiva, o grupo precisou erguer uma a\u00e7\u00e3o despretensiosa de espetaculariza\u00e7\u00e3o, e que permeia essa dor, que pudesse expurgar a idealiza\u00e7\u00e3o de um vel\u00f3rio. A performance-a\u00e7\u00e3o-ritual &#8220;Viver \u00e9 Urgente&#8221; \u00e9 resultante de uma uni\u00e3o de ideias, entre a tecnologia, a hist\u00f3ria do grupo e, principalmente, o risco de vida.<\/p>\n<p style=\"text-align: justify\">A morte n\u00e3o \u00e9 mais um medo, \u00e9 uma realidade. A partir dessa realidade como ch\u00e3o foi que buscamos amarrar tudo que n\u00f3s poder\u00edamos nos infringir para nos sentirmos novamente VIVOS.<\/p>\n<p style=\"text-align: justify\">Criamos uma zona aut\u00f4noma temporal e tecnol\u00f3gica como uma linha do tempo do grupo e das hist\u00f3rias de afeto; v\u00eddeos, imagens e um conglomerado de m\u00eddias que gera uma redoma de lembran\u00e7as, onde o grupo dan\u00e7a freneticamente at\u00e9 a exaust\u00e3o e marca em sua pele, diariamente, atrav\u00e9s de tatuagem, as palavras &#8220;Viver \u00c9 Urgente&#8221;.<\/p>\n<p style=\"text-align: justify\">Durante a a\u00e7\u00e3o, o grupo atinge novos topos de sensa\u00e7\u00f5es e estados f\u00edsicos; todos ali servem de apoio, ora est\u00e9tico, ou moral e sentimental, para que essa conex\u00e3o seja criada e a puls\u00e3o de vida seja atingida. Dessa forma, um ritual \u00edntimo de desmortifica\u00e7\u00e3o se instaura, e se estabelecem as possibilidades de coexist\u00eancia, rela\u00e7\u00e3o e at\u00e9 mesmo intera\u00e7\u00e3o com o p\u00fablico.<\/p>\n<p style=\"text-align: justify\">Atualmente, vivemos a sombra de que todos perdemos algu\u00e9m na pandemia, ou conhecemos algu\u00e9m que perdeu algu\u00e9m. Esse luto universal e todas as retomadas e receios que criamos nos deixaram presos, amedrontados, e precisamos criar novas formas de exaltar nossas vidas, a exist\u00eancia em si, exaltar alguns riscos; algumas decis\u00f5es podem parecer exageradas, mas sem o limite do excesso n\u00e3o se exala vida, pois a morte est\u00e1 dada ao nosso redor.<\/p>\n<p style=\"text-align: justify\">O grupo que sobrevive na realidade atualmente fascista e necropol\u00edtica do Brazil, que se mant\u00e9m independente sem apoio financeiro privado ou governamental e que se une para vivificar suas experi\u00eancias e pesquisar formas de encenar essas v\u00edsceras \u00e9 algo raro. Somos 13 corpos que lutam no capital a sua viv\u00eancia, remoendo de dentro para transformar um dos pa\u00edses mais homof\u00f3bicos, transf\u00f3bicos, sorof\u00f3bicos e racistas dessa tropicalidade que \u00e9 a Am\u00e9rica Latina.<\/p>\n<p><strong>Ficha T\u00e9cnica<\/strong><\/p>\n<p>Dire\u00e7\u00e3o e concep\u00e7\u00e3o: Marcelo D&#8217;Avilla<br \/>\nAssist\u00eancia de dire\u00e7\u00e3o e produ\u00e7\u00e3o: Mateus Rodrigues, Wesley Lima<br \/>\nElenco do Teatro da Pombagira: Andre Veron, Andrew Tassinari (Roxa), Hugo Faz, Lua Negr\u00e3o, Mateus Rodrigues, Marcelo D\u2019Avilla, Priscilla Toscano, Renato Teixeira, Ricardo Mesquita, Snoo, Wesley Lima, Zen Damasceno<br \/>\nElenco de apoio: Dandara Leste, Poderosa \u00cdsis, Douglas Ricci, Guira Bara, Flavio Pacato, Lucas Loduca, Rodrigo Duo<br \/>\nCenografia: Brugnara<br \/>\nTrilha sonora: Renato Navarro<br \/>\nDesign de luz: Quinho Gon\u00e7a<\/p>\n<div id=\"gtx-trans\" style=\"position: absolute;left: -29px;top: -14.684px\">\n<div class=\"gtx-trans-icon\"><\/div>\n<\/div>\n","protected":false},"excerpt":{"rendered":"<p>18 NOV | SEXTA-FEIRA @ CCSP \u2013 SALA ADONIRAN BARBOSA 19h00\u00a0(120\u2032) 18 anos | Performance #queer #gay #documental #performativo #dramatica &#8220;Quando houver o espectro de morte, operar vida.&#8221; Esta era uma das frases mais profanadas pelo nosso fundador e encenador Marcelo Denny (1969-2020). Sua morte veio assolando o grupo que se viu violentado pelo Estado, [&hellip;]<\/p>\n","protected":false},"author":12,"featured_media":502,"comment_status":"open","ping_status":"closed","sticky":false,"template":"","format":"standard","meta":{"footnotes":""},"categories":[19],"tags":[120,128,156,235,250],"class_list":{"0":"post-501","1":"post","2":"type-post","3":"status-publish","4":"format-standard","5":"has-post-thumbnail","7":"category-dramatica","8":"tag-documental","9":"tag-dramatica","10":"tag-gay","11":"tag-performativo","12":"tag-queer-en"},"_links":{"self":[{"href":"https:\/\/mixbrasil.org.br\/30\/wp-json\/wp\/v2\/posts\/501","targetHints":{"allow":["GET"]}}],"collection":[{"href":"https:\/\/mixbrasil.org.br\/30\/wp-json\/wp\/v2\/posts"}],"about":[{"href":"https:\/\/mixbrasil.org.br\/30\/wp-json\/wp\/v2\/types\/post"}],"author":[{"embeddable":true,"href":"https:\/\/mixbrasil.org.br\/30\/wp-json\/wp\/v2\/users\/12"}],"replies":[{"embeddable":true,"href":"https:\/\/mixbrasil.org.br\/30\/wp-json\/wp\/v2\/comments?post=501"}],"version-history":[{"count":0,"href":"https:\/\/mixbrasil.org.br\/30\/wp-json\/wp\/v2\/posts\/501\/revisions"}],"wp:featuredmedia":[{"embeddable":true,"href":"https:\/\/mixbrasil.org.br\/30\/wp-json\/wp\/v2\/media\/502"}],"wp:attachment":[{"href":"https:\/\/mixbrasil.org.br\/30\/wp-json\/wp\/v2\/media?parent=501"}],"wp:term":[{"taxonomy":"category","embeddable":true,"href":"https:\/\/mixbrasil.org.br\/30\/wp-json\/wp\/v2\/categories?post=501"},{"taxonomy":"post_tag","embeddable":true,"href":"https:\/\/mixbrasil.org.br\/30\/wp-json\/wp\/v2\/tags?post=501"}],"curies":[{"name":"wp","href":"https:\/\/api.w.org\/{rel}","templated":true}]}}