{"id":529,"date":"2022-10-24T16:45:19","date_gmt":"2022-10-24T19:45:19","guid":{"rendered":"https:\/\/bkp.brainwp.com.br\/mix30\/?p=529"},"modified":"2022-10-24T16:45:19","modified_gmt":"2022-10-24T19:45:19","slug":"flaneur","status":"publish","type":"post","link":"https:\/\/mixbrasil.org.br\/30\/flaneur\/","title":{"rendered":"Projeto Fl\u00e2neur #Experimento n\u00b0 1"},"content":{"rendered":"<p><strong><a href=\"https:\/\/www.prefeitura.sp.gov.br\/cidade\/secretarias\/cultura\/bma\/\">BIBLIOTECA M\u00c1RIO DE ANDRADE<\/a><br \/>\n<\/strong>Dia 11, \u00e0s 20h00 (90\u2032) 16 anos |\u00a0<a href=\"https:\/\/bkp.brainwp.com.br\/mix30\/category\/mix-xr\/\">MIX.XR<\/a>\u00a0(BMA + Caminhada at\u00e9 Pra\u00e7a Roosevelt)<br \/>\nDia 12, \u00e0s 17h00 (90\u2032) 16 anos | <a href=\"https:\/\/bkp.brainwp.com.br\/mix30\/category\/mix-xr\/\">MIX.XR<\/a> (BMA + Caminhada at\u00e9 Largo S\u00e3o Bento)<br \/>\nDia 18, \u00e0s 20h00 (90\u2032) 16 anos | <a href=\"https:\/\/bkp.brainwp.com.br\/mix30\/category\/mix-xr\/\">MIX.XR<\/a>\u00a0(BMA + Caminhada at\u00e9 Pra\u00e7a Roosevelt)<br \/>\nDia 19, \u00e0s 11h00 (90\u2032) 16 anos | <a href=\"https:\/\/bkp.brainwp.com.br\/mix30\/category\/mix-xr\/\">MIX.XR<\/a>\u00a0(BMA + Caminhada at\u00e9 Largo do Arouche)<br \/>\nDia 20, \u00e0s 15h00 (90\u2032) 16 anos | <a href=\"https:\/\/bkp.brainwp.com.br\/mix30\/category\/mix-xr\/\">MIX.XR<\/a>\u00a0(BMA + Caminhada at\u00e9 Rua Frei Caneca)<\/p>\n<p><strong><a href=\"https:\/\/www.prefeitura.sp.gov.br\/cidade\/secretarias\/cultura\/bma\/\">BIBLIOTECA M\u00c1RIO DE ANDRADE<\/a><br \/>\n<\/strong>Proje\u00e7\u00e3o &#8211; Dias: 11, 12, 13, 14, 15, 16, 17, 18, 19, 20<br \/>\nConsultar hor\u00e1rios <a href=\"https:\/\/bkp.brainwp.com.br\/mix30\/mix\/programacao\/\">neste link<\/a><strong><br \/>\n<\/strong><\/p>\n<hr \/>\n<p style=\"text-align: justify\">#gay #imersivo #documental #performativo #MixXR<\/p>\n<p style=\"text-align: justify\">A partir de perspectivas identit\u00e1rias e seus diversos desdobramentos, o Projeto Fl\u00e2neur #Experimento n\u00ba1 consiste em uma experi\u00eancia transm\u00eddia por ruas e espa\u00e7os do centro de S\u00e3o Paulo, considerando m\u00faltiplas viv\u00eancias e v\u00e1rios graus de participa\u00e7\u00e3o. O trabalho contar\u00e1 com a\u00e7\u00f5es interativas e imersivas, de forma itinerante, realizadas a cada dia em um hor\u00e1rio diferente, mas sempre com in\u00edcio na Biblioteca M\u00e1rio de Andrade.<\/p>\n<p style=\"text-align: justify\"><strong>Ficha T\u00e9cnica<\/strong><\/p>\n<p style=\"text-align: justify\">Idealiza\u00e7\u00e3o: Robson Catalunha<br \/>\nConcep\u00e7\u00e3o e Codire\u00e7\u00e3o: F\u00e1bio Furtado, Robson Catalunha<br \/>\nPesquisa e dramaturgismo: F\u00e1bio Furtado<br \/>\nPerformers: Carolina Splendore, Pedro Balmant, Robson Catalunha, Ronaldo Serruya<br \/>\nDire\u00e7\u00e3o de conte\u00fado XR: Arnault Labarrone, Robson Catalunha<br \/>\nDire\u00e7\u00e3o de Movimento: Laurent Le Gall<br \/>\nFotografia: F\u00e1bio Furtado<br \/>\nCoprodu\u00e7\u00e3o: Institut Fran\u00e7ais, Festival Mix Brasil<\/p>\n","protected":false},"excerpt":{"rendered":"<p>BIBLIOTECA M\u00c1RIO DE ANDRADE Dia 11, \u00e0s 20h00 (90\u2032) 16 anos |\u00a0MIX.XR\u00a0(BMA + Caminhada at\u00e9 Pra\u00e7a Roosevelt) Dia 12, \u00e0s 17h00 (90\u2032) 16 anos | MIX.XR (BMA + Caminhada at\u00e9 Largo S\u00e3o Bento) Dia 18, \u00e0s 20h00 (90\u2032) 16 anos | MIX.XR\u00a0(BMA + Caminhada at\u00e9 Pra\u00e7a Roosevelt) Dia 19, \u00e0s 11h00 (90\u2032) 16 anos | [&hellip;]<\/p>\n","protected":false},"author":12,"featured_media":989,"comment_status":"open","ping_status":"closed","sticky":false,"template":"","format":"standard","meta":{"footnotes":""},"categories":[27],"tags":[120,135,156,173,214,235],"class_list":{"0":"post-529","1":"post","2":"type-post","3":"status-publish","4":"format-standard","5":"has-post-thumbnail","7":"category-mix-xr","8":"tag-documental","9":"tag-experimento","10":"tag-gay","11":"tag-imersivo","12":"tag-mixxr-en","13":"tag-performativo"},"_links":{"self":[{"href":"https:\/\/mixbrasil.org.br\/30\/wp-json\/wp\/v2\/posts\/529","targetHints":{"allow":["GET"]}}],"collection":[{"href":"https:\/\/mixbrasil.org.br\/30\/wp-json\/wp\/v2\/posts"}],"about":[{"href":"https:\/\/mixbrasil.org.br\/30\/wp-json\/wp\/v2\/types\/post"}],"author":[{"embeddable":true,"href":"https:\/\/mixbrasil.org.br\/30\/wp-json\/wp\/v2\/users\/12"}],"replies":[{"embeddable":true,"href":"https:\/\/mixbrasil.org.br\/30\/wp-json\/wp\/v2\/comments?post=529"}],"version-history":[{"count":0,"href":"https:\/\/mixbrasil.org.br\/30\/wp-json\/wp\/v2\/posts\/529\/revisions"}],"wp:featuredmedia":[{"embeddable":true,"href":"https:\/\/mixbrasil.org.br\/30\/wp-json\/wp\/v2\/media\/989"}],"wp:attachment":[{"href":"https:\/\/mixbrasil.org.br\/30\/wp-json\/wp\/v2\/media?parent=529"}],"wp:term":[{"taxonomy":"category","embeddable":true,"href":"https:\/\/mixbrasil.org.br\/30\/wp-json\/wp\/v2\/categories?post=529"},{"taxonomy":"post_tag","embeddable":true,"href":"https:\/\/mixbrasil.org.br\/30\/wp-json\/wp\/v2\/tags?post=529"}],"curies":[{"name":"wp","href":"https:\/\/api.w.org\/{rel}","templated":true}]}}