{"id":4869,"date":"2024-10-23T09:04:04","date_gmt":"2024-10-23T12:04:04","guid":{"rendered":"https:\/\/mixbrasil.org.br\/32\/?p=4869"},"modified":"2024-10-23T09:04:04","modified_gmt":"2024-10-23T12:04:04","slug":"avenida-beira-mar","status":"publish","type":"post","link":"https:\/\/mixbrasil.org.br\/32\/avenida-beira-mar\/","title":{"rendered":"Avenida Beira-Mar"},"content":{"rendered":"\n<div class=\"wp-block-cover ticss-a05974b6\" style=\"min-height:170px;aspect-ratio:unset;\"><span aria-hidden=\"true\" class=\"wp-block-cover__background has-background-dim-100 has-background-dim\" style=\"background-color:#151515\"><\/span><div class=\"wp-block-cover__inner-container is-layout-constrained wp-block-cover-is-layout-constrained\">\n<h5 class=\"wp-block-heading\">16 NOV | S\u00c1B <a href=\"https:\/\/www.sescsp.org.br\/unidades\/cinesesc\/\">@ CINESESC<\/a><br>17h15 \u2013 Avenida Beira-Mar (86&#8242;) | 12 anos<br><br>19 NOV | TER <a href=\"https:\/\/ims.com.br\/unidade\/sao-paulo\/\" data-type=\"link\" data-id=\"https:\/\/ims.com.br\/unidade\/sao-paulo\/\">@ IMS<\/a><br>18h00 \u2013 Avenida Beira-Mar (86&#8242;) | 12 anos<\/h5>\n<\/div><\/div>\n\n\n\n<p><em><strong>Dire\u00e7\u00e3o:<\/strong> Bernardo Florim, Maju de Paiva<\/em><br><em><strong>Pa\u00eds: <\/strong>Brasil<br><strong>Estado \/ Cidade:<\/strong> RJ &#8211; Rio de Janeiro<br><strong>Ano:<\/strong> 2024<br><strong>Dura\u00e7\u00e3o:<\/strong> 86 min<\/em><br><em><strong>Classifica\u00e7\u00e3o: <\/strong>12 anos<\/em><br><\/p>\n\n\n\n<p>Durante o inverno, a praia de Piratininga, em Niter\u00f3i, est\u00e1 deserta. Rebeca, de 13 anos, acaba de se mudar para l\u00e1 e est\u00e1 de castigo. Ela s\u00f3 v\u00ea a rua por cima do muro. Um dia, a garota observa Mika, uma menina trans, nadar no mar aberto. O mundo ent\u00e3o se abre para Rebeca.<br><\/p>\n\n\n\n<h3 class=\"wp-block-heading\">Equipe<\/h3>\n\n\n\n<p>Elenco: Andr\u00e9a Beltr\u00e3o, Milena Pinheiro, Milena Gerassi, Isabel Teixeira<br>Roteiro: Bernardo Florim, Maju de Paiva<br>Fotografia: Luis Abramo<br>Montagem: Joana Collier<br>Som: Thiago Sobral<br>M\u00fasica: Daniel Simitan<br>Arte: Emily Pirmez<br>Produ\u00e7\u00e3o: Sabrina Nudeliman, Gabriel Corr\u00eaa e Castro, Sergio Pedrosa<br>Produtora: Produtora Viralata, Elo Studios<br><\/p>\n\n\n\n<figure class=\"wp-block-embed is-type-video is-provider-youtube wp-block-embed-youtube wp-embed-aspect-16-9 wp-has-aspect-ratio\"><div class=\"wp-block-embed__wrapper\">\n<iframe loading=\"lazy\" title=\"Trailer Avenida Beira-Mar\" width=\"560\" height=\"315\" src=\"https:\/\/www.youtube.com\/embed\/e5a4jz1NG-A?feature=oembed\" frameborder=\"0\" allow=\"accelerometer; autoplay; clipboard-write; encrypted-media; gyroscope; picture-in-picture; web-share\" referrerpolicy=\"strict-origin-when-cross-origin\" allowfullscreen><\/iframe>\n<\/div><\/figure>\n\n\n\n<h3 class=\"wp-block-heading\">Filmografia<\/h3>\n\n\n\n<p><em>Maju de Paiva:<\/em><br>2015 Pequenos Animais Sem Dono (curta)<br>2018 Cravo, L\u00edrio e Rosa (curta)<\/p>\n\n\n\n<p><em>Bernardo Florim:<\/em><br>Primeiro filme<\/p>\n","protected":false},"excerpt":{"rendered":"<p>Dire\u00e7\u00e3o: Bernardo Florim, Maju de PaivaPa\u00eds: BrasilEstado \/ Cidade: RJ &#8211; Rio de JaneiroAno: 2024Dura\u00e7\u00e3o: 86 minClassifica\u00e7\u00e3o: 12 anos Durante o inverno, a praia de Piratininga, em Niter\u00f3i, est\u00e1 deserta. Rebeca, de 13 anos, acaba de se mudar para l\u00e1 e est\u00e1 de castigo. Ela s\u00f3 v\u00ea a rua por cima do muro. Um dia, [&hellip;]<\/p>\n","protected":false},"author":12,"featured_media":5122,"comment_status":"closed","ping_status":"open","sticky":false,"template":"","format":"standard","meta":{"_themeisle_gutenberg_block_has_review":false,"footnotes":""},"categories":[5,33,39],"tags":[260,284,310,315,324,364,384],"class_list":["post-4869","post","type-post","status-publish","format-standard","has-post-thumbnail","hentry","category-cinema-en","category-competitiva-brasil-longas","category-abertura","tag-brasil-2","tag-familia-3","tag-identidade-2","tag-infancia-3","tag-lgbt-2","tag-rj-2","tag-trans-2","has-thumbnail"],"_links":{"self":[{"href":"https:\/\/mixbrasil.org.br\/32\/wp-json\/wp\/v2\/posts\/4869","targetHints":{"allow":["GET"]}}],"collection":[{"href":"https:\/\/mixbrasil.org.br\/32\/wp-json\/wp\/v2\/posts"}],"about":[{"href":"https:\/\/mixbrasil.org.br\/32\/wp-json\/wp\/v2\/types\/post"}],"author":[{"embeddable":true,"href":"https:\/\/mixbrasil.org.br\/32\/wp-json\/wp\/v2\/users\/12"}],"replies":[{"embeddable":true,"href":"https:\/\/mixbrasil.org.br\/32\/wp-json\/wp\/v2\/comments?post=4869"}],"version-history":[{"count":0,"href":"https:\/\/mixbrasil.org.br\/32\/wp-json\/wp\/v2\/posts\/4869\/revisions"}],"wp:featuredmedia":[{"embeddable":true,"href":"https:\/\/mixbrasil.org.br\/32\/wp-json\/wp\/v2\/media\/5122"}],"wp:attachment":[{"href":"https:\/\/mixbrasil.org.br\/32\/wp-json\/wp\/v2\/media?parent=4869"}],"wp:term":[{"taxonomy":"category","embeddable":true,"href":"https:\/\/mixbrasil.org.br\/32\/wp-json\/wp\/v2\/categories?post=4869"},{"taxonomy":"post_tag","embeddable":true,"href":"https:\/\/mixbrasil.org.br\/32\/wp-json\/wp\/v2\/tags?post=4869"}],"curies":[{"name":"wp","href":"https:\/\/api.w.org\/{rel}","templated":true}]}}