{"id":4938,"date":"2024-10-17T14:16:24","date_gmt":"2024-10-17T17:16:24","guid":{"rendered":"https:\/\/mixbrasil.org.br\/32\/?p=4938"},"modified":"2024-10-17T14:16:24","modified_gmt":"2024-10-17T17:16:24","slug":"uma-breve-historia-da-imprensa-lgbt-no-brasil","status":"publish","type":"post","link":"https:\/\/mixbrasil.org.br\/32\/uma-breve-historia-da-imprensa-lgbt-no-brasil\/","title":{"rendered":"Uma Breve Hist\u00f3ria da Imprensa LGBT+ no Brasil"},"content":{"rendered":"\n<div class=\"wp-block-cover ticss-a05974b6\" style=\"min-height:170px;aspect-ratio:unset;\"><span aria-hidden=\"true\" class=\"wp-block-cover__background has-background-dim-100 has-background-dim\" style=\"background-color:#151515\"><\/span><div class=\"wp-block-cover__inner-container is-layout-constrained wp-block-cover-is-layout-constrained\">\n<h5 class=\"wp-block-heading\">14 NOV | QUI <a href=\"https:\/\/www.sescsp.org.br\/unidades\/cinesesc\/\">@ CINESESC<\/a><br>20h30 \u2013 Uma Breve Hist\u00f3ria da Imprensa LGBT+ no Brasil (110&#8242;) | 18 anos<\/h5>\n\n\n\n<h5 class=\"wp-block-heading\">24 NOV | DOM <a href=\"https:\/\/ims.com.br\/unidade\/sao-paulo\/\" data-type=\"link\" data-id=\"https:\/\/ims.com.br\/unidade\/sao-paulo\/\">@ IMS<\/a><br>18h00 \u2013 Uma Breve Hist\u00f3ria da Imprensa LGBT+ no Brasil (110&#8242;) | 18 anos<\/h5>\n<\/div><\/div>\n\n\n\n<p><em><strong>Dire\u00e7\u00e3o:<\/strong> Lufe Steffen<\/em><br><em><strong>Pa\u00eds: <\/strong>Brasil<br><strong>Estado:<\/strong> SP<br><strong>Ano:<\/strong> 2024<br><strong>Dura\u00e7\u00e3o:<\/strong> 110 min<\/em><br><em><strong>Classifica\u00e7\u00e3o: <\/strong>18 anos<\/em><br><br><\/p>\n\n\n\n<p>O document\u00e1rio tra\u00e7a uma linha do tempo cronol\u00f3gica apresentando os ve\u00edculos da imprensa brasileira que foram realizados dentro do universo LGBTQIA+, desde 1963, com o surgimento do fanzine carioca \u201cO Snob\u201d, at\u00e9 os dias de hoje, com a pluralidade de portais na internet, passando por momentos importantes como o jornal \u201cLampi\u00e3o da Esquina\u201d, a \u201cColuna do Meio\u201d, o fanzine de tem\u00e1tica l\u00e9sbica \u201cChanacomChana\u201d, as revistas \u201cSui Generis\u201d e \u201cOK Magazine\u201d, entre outros.<br><\/p>\n\n\n\n<h3 class=\"wp-block-heading\">Equipe<\/h3>\n\n\n\n<p>Elenco: Ana Fadigas, Andr\u00e9 Fischer, Celso Curi, Cilmara Bedaque, Erika Palomino, James Green, Jo\u00e3o Silv\u00e9rio Trevisan, Nany People, Pedro HMC, Renan Quinalha<br>Roteiro: Lufe Steffen<br>Fotografia: Matheus da Rocha Pereira<br>Montagem: Marina Franzolim<br>Som: Camila Braune, Henrique Gentil, Thiago Rodrigues, Cau\u00ea Cust\u00f3dio<br>M\u00fasica: Angie Lopez<br>Produ\u00e7\u00e3o: Edu Lima<br>Produtora: Xanadu Filmes, LL Filmes<\/p>\n\n\n\n<figure class=\"wp-block-embed is-type-video is-provider-vimeo wp-block-embed-vimeo wp-embed-aspect-16-9 wp-has-aspect-ratio\"><div class=\"wp-block-embed__wrapper\">\n<iframe loading=\"lazy\" title=\"Uma Breve Histo\u0301ria da Imprensa LGBT+ no Brasil (trailer)\" src=\"https:\/\/player.vimeo.com\/video\/1023220792?dnt=1&amp;app_id=122963\" width=\"560\" height=\"315\" frameborder=\"0\" allow=\"autoplay; fullscreen; picture-in-picture; clipboard-write\"><\/iframe>\n<\/div><\/figure>\n\n\n\n<h3 class=\"wp-block-heading\">Filmografia<\/h3>\n\n\n\n<p>2023 N\u00f3s Somos o Amanh\u00e3<br>2013 S\u00e3o Paulo em Hi-Fi<br>2012 A Volta da Pauliceia Desvairada<\/p>\n\n\n\n<p><\/p>\n","protected":false},"excerpt":{"rendered":"<p>Dire\u00e7\u00e3o: Lufe SteffenPa\u00eds: BrasilEstado: SPAno: 2024Dura\u00e7\u00e3o: 110 minClassifica\u00e7\u00e3o: 18 anos O document\u00e1rio tra\u00e7a uma linha do tempo cronol\u00f3gica apresentando os ve\u00edculos da imprensa brasileira que foram realizados dentro do universo LGBTQIA+, desde 1963, com o surgimento do fanzine carioca \u201cO Snob\u201d, at\u00e9 os dias de hoje, com a pluralidade de portais na internet, passando por [&hellip;]<\/p>\n","protected":false},"author":12,"featured_media":5407,"comment_status":"closed","ping_status":"open","sticky":false,"template":"","format":"standard","meta":{"_themeisle_gutenberg_block_has_review":false,"footnotes":""},"categories":[5,33],"tags":[323,327,347,355,60,130,160,211,228,239,260,296],"class_list":["post-4938","post","type-post","status-publish","format-standard","has-post-thumbnail","hentry","category-cinema-en","category-competitiva-brasil-longas","tag-lesbica-2","tag-memoria-2","tag-performance","tag-politica-2","tag-60","tag-gay","tag-lgbt","tag-queerdocs","tag-sp","tag-trans","tag-brasil-2","tag-formativo-2","has-thumbnail"],"_links":{"self":[{"href":"https:\/\/mixbrasil.org.br\/32\/wp-json\/wp\/v2\/posts\/4938","targetHints":{"allow":["GET"]}}],"collection":[{"href":"https:\/\/mixbrasil.org.br\/32\/wp-json\/wp\/v2\/posts"}],"about":[{"href":"https:\/\/mixbrasil.org.br\/32\/wp-json\/wp\/v2\/types\/post"}],"author":[{"embeddable":true,"href":"https:\/\/mixbrasil.org.br\/32\/wp-json\/wp\/v2\/users\/12"}],"replies":[{"embeddable":true,"href":"https:\/\/mixbrasil.org.br\/32\/wp-json\/wp\/v2\/comments?post=4938"}],"version-history":[{"count":0,"href":"https:\/\/mixbrasil.org.br\/32\/wp-json\/wp\/v2\/posts\/4938\/revisions"}],"wp:featuredmedia":[{"embeddable":true,"href":"https:\/\/mixbrasil.org.br\/32\/wp-json\/wp\/v2\/media\/5407"}],"wp:attachment":[{"href":"https:\/\/mixbrasil.org.br\/32\/wp-json\/wp\/v2\/media?parent=4938"}],"wp:term":[{"taxonomy":"category","embeddable":true,"href":"https:\/\/mixbrasil.org.br\/32\/wp-json\/wp\/v2\/categories?post=4938"},{"taxonomy":"post_tag","embeddable":true,"href":"https:\/\/mixbrasil.org.br\/32\/wp-json\/wp\/v2\/tags?post=4938"}],"curies":[{"name":"wp","href":"https:\/\/api.w.org\/{rel}","templated":true}]}}