{"id":4989,"date":"2024-10-24T17:13:54","date_gmt":"2024-10-24T20:13:54","guid":{"rendered":"https:\/\/mixbrasil.org.br\/32\/?p=4989"},"modified":"2024-10-24T17:13:54","modified_gmt":"2024-10-24T20:13:54","slug":"carne-fresca","status":"publish","type":"post","link":"https:\/\/mixbrasil.org.br\/32\/carne-fresca\/","title":{"rendered":"Carne Fresca"},"content":{"rendered":"\n<div class=\"wp-block-cover ticss-a05974b6\" style=\"min-height:170px;aspect-ratio:unset;\"><span aria-hidden=\"true\" class=\"wp-block-cover__background has-background-dim-100 has-background-dim\" style=\"background-color:#151515\"><\/span><div class=\"wp-block-cover__inner-container is-layout-constrained wp-block-cover-is-layout-constrained\">\n<h5 class=\"wp-block-heading\">17 NOV | DOM <a href=\"https:\/\/centrocultural.sp.gov.br\/\" target=\"_blank\" rel=\"noreferrer noopener\">@ SPCINE PAULO EM\u00cdLIO (CCSP)<\/a><br>19h00 \u2013 COMPETITIVA BRASIL \u2022 CURTAS 3 (77\u2032) | 16 anos<\/h5>\n\n\n\n<h5 class=\"wp-block-heading\">19 NOV | TER <a href=\"https:\/\/www.sescsp.org.br\/unidades\/cinesesc\/\" target=\"_blank\" rel=\"noreferrer noopener\">@ CINESESC<\/a><br>15h00 \u2013 COMPETITIVA BRASIL \u2022 CURTAS 3 (77\u2032) | 16 anos<\/h5>\n<\/div><\/div>\n\n\n\n<p><em><strong>Dire\u00e7\u00e3o:<\/strong> Giovani Barros<\/em><br><em><strong>Pa\u00eds: <\/strong>Brasil<br><strong>Estado \/ Cidade:<\/strong> RJ &#8211; Niter\u00f3i<br><strong>Ano:<\/strong> 2024<br><strong>Dura\u00e7\u00e3o:<\/strong> 24 min<\/em><br><em><strong>Classifica\u00e7\u00e3o: <\/strong>16 anos<\/em><br><\/p>\n\n\n\n<p>\u00c9 Carnaval no Rio de Janeiro. Saulo mergulha nas farras e deboches carnavalescos e revive os perigos de uma nova paix\u00e3o ao conhecer a carne fresca de Gustavo, um jovem bailarino que promete ser a \u00faltima ca\u00e7a de um velho e cansado lobisomem.<br><\/p>\n\n\n\n<h3 class=\"wp-block-heading\">Equipe<\/h3>\n\n\n\n<p>Elenco: Matheus Macena, Erom Cordeiro, Ricardo Santos, Vinicius Teixeira<br>Roteiro: Giovani Barros, Vit\u00e3<br>Fotografia: Guilherme Tostes<br>Montagem: Alice Furtado<br>Som: Victor Quintanilha, Abel Duarte, Thiago Sobral<br>M\u00fasica: Orlando Scarpa Neto<br>Arte: Elsa Romero<br>Produ\u00e7\u00e3o: Marina Meliande, Felipe M. Bragan\u00e7a<br>Produtora: Duas Mariola Filmes<\/p>\n\n\n\n<figure class=\"wp-block-embed is-type-video is-provider-vimeo wp-block-embed-vimeo\"><div class=\"wp-block-embed__wrapper\">\n<iframe loading=\"lazy\" title=\"Carne Fresca (teaser)\" src=\"https:\/\/player.vimeo.com\/video\/1024861708?dnt=1&amp;app_id=122963\" width=\"560\" height=\"294\" frameborder=\"0\" allow=\"autoplay; fullscreen; picture-in-picture; clipboard-write\"><\/iframe>\n<\/div><\/figure>\n\n\n\n<h3 class=\"wp-block-heading\"><\/h3>\n","protected":false},"excerpt":{"rendered":"<p>Dire\u00e7\u00e3o: Giovani BarrosPa\u00eds: BrasilEstado \/ Cidade: RJ &#8211; Niter\u00f3iAno: 2024Dura\u00e7\u00e3o: 24 minClassifica\u00e7\u00e3o: 16 anos \u00c9 Carnaval no Rio de Janeiro. Saulo mergulha nas farras e deboches carnavalescos e revive os perigos de uma nova paix\u00e3o ao conhecer a carne fresca de Gustavo, um jovem bailarino que promete ser a \u00faltima ca\u00e7a de um velho e [&hellip;]<\/p>\n","protected":false},"author":12,"featured_media":5466,"comment_status":"closed","ping_status":"open","sticky":false,"template":"","format":"standard","meta":{"_themeisle_gutenberg_block_has_review":false,"footnotes":""},"categories":[5,34,43],"tags":[260,269,289,300,358,364],"class_list":["post-4989","post","type-post","status-publish","format-standard","has-post-thumbnail","hentry","category-cinema-en","category-competitiva-brasil-curtas","category-curtas-3","tag-brasil-2","tag-daddy","tag-fetiche-2","tag-gay-2","tag-queer-2","tag-rj-2","has-thumbnail"],"_links":{"self":[{"href":"https:\/\/mixbrasil.org.br\/32\/wp-json\/wp\/v2\/posts\/4989","targetHints":{"allow":["GET"]}}],"collection":[{"href":"https:\/\/mixbrasil.org.br\/32\/wp-json\/wp\/v2\/posts"}],"about":[{"href":"https:\/\/mixbrasil.org.br\/32\/wp-json\/wp\/v2\/types\/post"}],"author":[{"embeddable":true,"href":"https:\/\/mixbrasil.org.br\/32\/wp-json\/wp\/v2\/users\/12"}],"replies":[{"embeddable":true,"href":"https:\/\/mixbrasil.org.br\/32\/wp-json\/wp\/v2\/comments?post=4989"}],"version-history":[{"count":0,"href":"https:\/\/mixbrasil.org.br\/32\/wp-json\/wp\/v2\/posts\/4989\/revisions"}],"wp:featuredmedia":[{"embeddable":true,"href":"https:\/\/mixbrasil.org.br\/32\/wp-json\/wp\/v2\/media\/5466"}],"wp:attachment":[{"href":"https:\/\/mixbrasil.org.br\/32\/wp-json\/wp\/v2\/media?parent=4989"}],"wp:term":[{"taxonomy":"category","embeddable":true,"href":"https:\/\/mixbrasil.org.br\/32\/wp-json\/wp\/v2\/categories?post=4989"},{"taxonomy":"post_tag","embeddable":true,"href":"https:\/\/mixbrasil.org.br\/32\/wp-json\/wp\/v2\/tags?post=4989"}],"curies":[{"name":"wp","href":"https:\/\/api.w.org\/{rel}","templated":true}]}}