{"id":4997,"date":"2024-10-24T21:38:07","date_gmt":"2024-10-25T00:38:07","guid":{"rendered":"https:\/\/mixbrasil.org.br\/32\/?p=4997"},"modified":"2025-10-29T14:12:55","modified_gmt":"2025-10-29T17:12:55","slug":"a-heranca","status":"publish","type":"post","link":"https:\/\/mixbrasil.org.br\/32\/a-heranca\/","title":{"rendered":"A Heran\u00e7a"},"content":{"rendered":"\n<div class=\"wp-block-cover ticss-a05974b6\" style=\"min-height:170px;aspect-ratio:unset;\"><span aria-hidden=\"true\" class=\"wp-block-cover__background has-background-dim-100 has-background-dim\" style=\"background-color:#151515\"><\/span><div class=\"wp-block-cover__inner-container is-layout-constrained wp-block-cover-is-layout-constrained\">\n<h5 class=\"wp-block-heading\">15 NOV | SEX <a href=\"https:\/\/mis-sp.org.br\/\" target=\"_blank\" rel=\"noreferrer noopener\">@ MIS Audit\u00f3rio<\/a><br>18h00 \u2013 A Heran\u00e7a (81&#8242;) | 14 anos<br><br>23 NOV | S\u00c1B <a href=\"https:\/\/ims.com.br\/unidade\/sao-paulo\/\" data-type=\"link\" data-id=\"https:\/\/ims.com.br\/unidade\/sao-paulo\/\" target=\"_blank\" rel=\"noreferrer noopener\">@ IMS<\/a><br>22h00 \u2013 A Heran\u00e7a (81&#8242;) | 14 anos<\/h5>\n<\/div><\/div>\n\n\n\n<p><em><strong>Dire\u00e7\u00e3o:<\/strong> Jo\u00e3o C\u00e2ndido Zacharias<\/em><br><em><strong>Pa\u00eds: <\/strong>Brasil<br><strong>Estado :<\/strong> RJ <br><strong>Ano:<\/strong> 2024<br><strong>Dura\u00e7\u00e3o:<\/strong> 81 min<\/em><br><em><strong>Classifica\u00e7\u00e3o: <\/strong>14 anos<\/em><br><\/p>\n\n\n\n<p>Ao receber a not\u00edcia da morte de sua m\u00e3e, Thomas retorna ao Brasil com o namorado, Beni, e descobre ser o \u00fanico herdeiro de uma casa no interior que pertencia a uma av\u00f3 que nunca chegou a conhecer. Curioso para se reconectar com a hist\u00f3ria da fam\u00edlia, Thomas, na companhia de Beni, visita a propriedade, onde \u00e9 recebido por duas tias que o tratam como um filho h\u00e1 muito perdido. Enquanto Thomas fica cada vez mais encantado com o lugar, Beni come\u00e7a a desconfiar que algo maligno se esconde debaixo da fachada de uma vida tranquila no campo. Um terror queer com toques de melodrama.<br><\/p>\n\n\n\n<h3 class=\"wp-block-heading\">Equipe<\/h3>\n\n\n\n<p>Elenco: Diego Montez, Yohan Levy, Analu Prestes, Cristina Pereira, Luiza Kosovski, Ana Carbatti, Jimmy London, Gilda Nomacce<br>Roteiro: Jo\u00e3o C\u00e2ndido Zacharias, Fernando Toste<br>Fotografia: Guilherme Tostes<br>Montagem: L\u00edvia Arbex<br>Som: Bernardo Uzeda, Jonathan Mac\u00edas<br>M\u00fasica: Bernardo Uzeda<br>Arte: Elsa Romero<br>Produ\u00e7\u00e3o: Tatiana Leite<br>Produtora: Bubbles Project &amp; Kromaki Filmes, Sony Pictures International Productions<\/p>\n\n\n\n<h3 class=\"wp-block-heading\">Filmografia<\/h3>\n\n\n\n<p>2019 Os \u00daltimos Rom\u00e2nticos (curta)<br>2017 Sandra Chamando (curta)<\/p>\n","protected":false},"excerpt":{"rendered":"<p>Dire\u00e7\u00e3o: Jo\u00e3o C\u00e2ndido ZachariasPa\u00eds: BrasilEstado : RJ Ano: 2024Dura\u00e7\u00e3o: 81 minClassifica\u00e7\u00e3o: 14 anos Ao receber a not\u00edcia da morte de sua m\u00e3e, Thomas retorna ao Brasil com o namorado, Beni, e descobre ser o \u00fanico herdeiro de uma casa no interior que pertencia a uma av\u00f3 que nunca chegou a conhecer. Curioso para se reconectar [&hellip;]<\/p>\n","protected":false},"author":12,"featured_media":5476,"comment_status":"closed","ping_status":"open","sticky":false,"template":"","format":"standard","meta":{"_themeisle_gutenberg_block_has_review":false,"footnotes":""},"categories":[5,54,1257],"tags":[78,117,130,208,215,236],"class_list":["post-4997","post","type-post","status-publish","format-standard","has-post-thumbnail","hentry","category-cinema-en","category-longas-pt","category-reframe-pt","tag-brasil","tag-familia","tag-gay","tag-queer","tag-rj","tag-terror","has-thumbnail"],"_links":{"self":[{"href":"https:\/\/mixbrasil.org.br\/32\/wp-json\/wp\/v2\/posts\/4997","targetHints":{"allow":["GET"]}}],"collection":[{"href":"https:\/\/mixbrasil.org.br\/32\/wp-json\/wp\/v2\/posts"}],"about":[{"href":"https:\/\/mixbrasil.org.br\/32\/wp-json\/wp\/v2\/types\/post"}],"author":[{"embeddable":true,"href":"https:\/\/mixbrasil.org.br\/32\/wp-json\/wp\/v2\/users\/12"}],"replies":[{"embeddable":true,"href":"https:\/\/mixbrasil.org.br\/32\/wp-json\/wp\/v2\/comments?post=4997"}],"version-history":[{"count":1,"href":"https:\/\/mixbrasil.org.br\/32\/wp-json\/wp\/v2\/posts\/4997\/revisions"}],"predecessor-version":[{"id":6969,"href":"https:\/\/mixbrasil.org.br\/32\/wp-json\/wp\/v2\/posts\/4997\/revisions\/6969"}],"wp:featuredmedia":[{"embeddable":true,"href":"https:\/\/mixbrasil.org.br\/32\/wp-json\/wp\/v2\/media\/5476"}],"wp:attachment":[{"href":"https:\/\/mixbrasil.org.br\/32\/wp-json\/wp\/v2\/media?parent=4997"}],"wp:term":[{"taxonomy":"category","embeddable":true,"href":"https:\/\/mixbrasil.org.br\/32\/wp-json\/wp\/v2\/categories?post=4997"},{"taxonomy":"post_tag","embeddable":true,"href":"https:\/\/mixbrasil.org.br\/32\/wp-json\/wp\/v2\/tags?post=4997"}],"curies":[{"name":"wp","href":"https:\/\/api.w.org\/{rel}","templated":true}]}}