{"id":5011,"date":"2024-10-24T22:23:15","date_gmt":"2024-10-25T01:23:15","guid":{"rendered":"https:\/\/mixbrasil.org.br\/32\/?p=5011"},"modified":"2025-10-29T14:12:55","modified_gmt":"2025-10-29T17:12:55","slug":"presenca","status":"publish","type":"post","link":"https:\/\/mixbrasil.org.br\/32\/presenca\/","title":{"rendered":"Presen\u00e7a"},"content":{"rendered":"\n<div class=\"wp-block-cover ticss-a05974b6\" style=\"min-height:170px;aspect-ratio:unset;\"><span aria-hidden=\"true\" class=\"wp-block-cover__background has-background-dim-100 has-background-dim\" style=\"background-color:#151515\"><\/span><div class=\"wp-block-cover__inner-container is-layout-constrained wp-block-cover-is-layout-constrained\">\n<h5 class=\"wp-block-heading\">15 NOV | SEX <a href=\"https:\/\/centrocultural.sp.gov.br\/\" target=\"_blank\" rel=\"noreferrer noopener\">@ SPCINE PAULO EM\u00cdLIO (CCSP)<\/a><br>19h00 \u2013 Presen\u00e7a (71&#8242;) | 12 anos<\/h5>\n\n\n\n<h5 class=\"wp-block-heading\">16 NOV | S\u00c1B <a href=\"https:\/\/mis-sp.org.br\/\" target=\"_blank\" rel=\"noreferrer noopener\">@ MIS Audit\u00f3rio<\/a><br>22h00 \u2013 Presen\u00e7a (71&#8242;) | 12 anos<\/h5>\n<\/div><\/div>\n\n\n\n<p><em><strong>Dire\u00e7\u00e3o:<\/strong> Erly Vieira Jr<\/em><br><em><strong>Pa\u00eds: <\/strong>Brasil<br><strong>Estado:<\/strong> ES<br><strong>Ano:<\/strong> 2024<br><strong>Dura\u00e7\u00e3o:<\/strong> 71 min<\/em><br><em><strong>Classifica\u00e7\u00e3o: <\/strong>12 anos<\/em><br><\/p>\n\n\n\n<p>Nas bordas do corpo, entre a prec\u00e1ria presen\u00e7a e a intensidade desejante, Marcus Vin\u00edcius, Rubiane Maia e Castiel Vitorino Brasileiro transmutam-se a cada performance, numa reflex\u00e3o sobre os limites que apontamos em e para nossos pr\u00f3prios corpos.<br><\/p>\n\n\n\n<h3 class=\"wp-block-heading\">Equipe<\/h3>\n\n\n\n<p>Elenco: Castiel Vitorino Brasileiro, Marcus Vin\u00edcius, Rubiane Maia<br>Roteiro: Erly Vieira Jr<br>Fotografia: Ursula Dart<br>Montagem: Carol Covre<br>Som: Nat\u00e1lia Dornelas, Marcus Neves<br>M\u00fasica: Marcus Neves, Gimu<br>Produ\u00e7\u00e3o: Ursula Dart<br>Produtora: Ladart Filmes<\/p>\n\n\n\n<figure class=\"wp-block-embed is-type-video is-provider-youtube wp-block-embed-youtube wp-embed-aspect-16-9 wp-has-aspect-ratio\"><div class=\"wp-block-embed__wrapper\">\n<iframe loading=\"lazy\" title=\"Presen\u00e7a - Trailer Oficial\" width=\"560\" height=\"315\" src=\"https:\/\/www.youtube.com\/embed\/i_88eulY77o?feature=oembed\" frameborder=\"0\" allow=\"accelerometer; autoplay; clipboard-write; encrypted-media; gyroscope; picture-in-picture; web-share\" referrerpolicy=\"strict-origin-when-cross-origin\" allowfullscreen><\/iframe>\n<\/div><\/figure>\n\n\n\n<h3 class=\"wp-block-heading\">Filmografia<\/h3>\n\n\n\n<p>2012 Pra Casa Agora Eu Vou (curta)<br>2010 O Ano em Que Fizemos Contato (curta)<br>2010 A M\u00e3o Tagarela (curta)<br>2010 Silentio (curta)<br>2009 Avenca (curta)<br>2008 Eu Que Nem Sei Franc\u00eas (curta)<br>2006 Grinalda (curta)<br>2005 Saudosa (curta)<br>2004 Pour Elise (curta)<br>2000 Macabeia (curta)<\/p>\n","protected":false},"excerpt":{"rendered":"<p>Dire\u00e7\u00e3o: Erly Vieira JrPa\u00eds: BrasilEstado: ESAno: 2024Dura\u00e7\u00e3o: 71 minClassifica\u00e7\u00e3o: 12 anos Nas bordas do corpo, entre a prec\u00e1ria presen\u00e7a e a intensidade desejante, Marcus Vin\u00edcius, Rubiane Maia e Castiel Vitorino Brasileiro transmutam-se a cada performance, numa reflex\u00e3o sobre os limites que apontamos em e para nossos pr\u00f3prios corpos. Equipe Elenco: Castiel Vitorino Brasileiro, Marcus Vin\u00edcius, [&hellip;]<\/p>\n","protected":false},"author":12,"featured_media":5493,"comment_status":"closed","ping_status":"open","sticky":false,"template":"","format":"standard","meta":{"_themeisle_gutenberg_block_has_review":false,"footnotes":""},"categories":[5,54,1257],"tags":[78,106,112,208,347,362],"class_list":["post-5011","post","type-post","status-publish","format-standard","has-post-thumbnail","hentry","category-cinema-en","category-longas-pt","category-reframe-pt","tag-brasil","tag-es","tag-experimental","tag-queer","tag-performance","tag-reframe-en","has-thumbnail"],"_links":{"self":[{"href":"https:\/\/mixbrasil.org.br\/32\/wp-json\/wp\/v2\/posts\/5011","targetHints":{"allow":["GET"]}}],"collection":[{"href":"https:\/\/mixbrasil.org.br\/32\/wp-json\/wp\/v2\/posts"}],"about":[{"href":"https:\/\/mixbrasil.org.br\/32\/wp-json\/wp\/v2\/types\/post"}],"author":[{"embeddable":true,"href":"https:\/\/mixbrasil.org.br\/32\/wp-json\/wp\/v2\/users\/12"}],"replies":[{"embeddable":true,"href":"https:\/\/mixbrasil.org.br\/32\/wp-json\/wp\/v2\/comments?post=5011"}],"version-history":[{"count":1,"href":"https:\/\/mixbrasil.org.br\/32\/wp-json\/wp\/v2\/posts\/5011\/revisions"}],"predecessor-version":[{"id":6966,"href":"https:\/\/mixbrasil.org.br\/32\/wp-json\/wp\/v2\/posts\/5011\/revisions\/6966"}],"wp:featuredmedia":[{"embeddable":true,"href":"https:\/\/mixbrasil.org.br\/32\/wp-json\/wp\/v2\/media\/5493"}],"wp:attachment":[{"href":"https:\/\/mixbrasil.org.br\/32\/wp-json\/wp\/v2\/media?parent=5011"}],"wp:term":[{"taxonomy":"category","embeddable":true,"href":"https:\/\/mixbrasil.org.br\/32\/wp-json\/wp\/v2\/categories?post=5011"},{"taxonomy":"post_tag","embeddable":true,"href":"https:\/\/mixbrasil.org.br\/32\/wp-json\/wp\/v2\/tags?post=5011"}],"curies":[{"name":"wp","href":"https:\/\/api.w.org\/{rel}","templated":true}]}}