{"id":7407,"date":"2025-11-06T18:31:06","date_gmt":"2025-11-06T21:31:06","guid":{"rendered":"https:\/\/mixbrasil.org.br\/33\/one-minute-is-an-eternity-for-those-who-are-suffering\/"},"modified":"2025-11-08T12:50:16","modified_gmt":"2025-11-08T15:50:16","slug":"one-minute-is-an-eternity-for-those-who-are-suffering","status":"publish","type":"post","link":"https:\/\/mixbrasil.org.br\/33\/en\/queer-doc-en\/one-minute-is-an-eternity-for-those-who-are-suffering\/","title":{"rendered":"One Minute is an Eternity for Those who are Suffering"},"content":{"rendered":"\n<blockquote class=\"wp-block-quote is-layout-flow wp-block-quote-is-layout-flow\">\n<p>Queer.doc<br>15 NOV (S\u00c1B) | 16h45 | Biblioteca M\u00e1rio de Andrade<br>16 NOV (DOM) | 19h00 | IMS<\/p>\n<\/blockquote>\n\n\n\n<p><em><strong>Direction:<\/strong> F\u00e1bio Rog\u00e9rio, Wesley Pereira de Castro<\/em><br><em><strong>Country: <\/strong>Brasil | SE<br><strong>Year:<\/strong>\u00a0 2025<br><strong>Duration:<\/strong> 62 min<\/em><br><em><strong>Rating: <\/strong>18 years\u00a0<\/em>\u00a0<\/p>\n\n\n\n<p>Depressive. Virginal. Anti-Bolsonaro. Cinephile. Religious. Porn-theorist. Centripetal. Vegetarian. Literature lover. Proto-suicidal. Indiscreet.<\/p>\n\n\n\n<h4 class=\"wp-block-heading\">Team<\/h4>\n\n\n\n<p>Elenco\/Cast: F\u00e1bio Rog\u00e9rio, Wesley Pereira de Castro<br>Fotografia\/Cinematography: F\u00e1bio Rog\u00e9rio, Wesley Pereira de Castro<br>Montagem\/Editing: F\u00e1bio Rog\u00e9rio, Wesley Pereira de Castro<br>Som\/Sound: F\u00e1bio Rog\u00e9rio, Wesley Pereira de Castro<br>Produ\u00e7\u00e3o\/Production: F\u00e1bio Rog\u00e9rio, Wesley Pereira de Castro<br>Produtora\/Production Company: Novos Olhares<\/p>\n\n\n\n<figure class=\"wp-block-embed is-type-video is-provider-youtube wp-block-embed-youtube wp-embed-aspect-16-9 wp-has-aspect-ratio\"><div class=\"wp-block-embed__wrapper\">\n<iframe loading=\"lazy\" title=\"Um minuto e\u0301 uma eternidade para quem esta\u0301 sofrendo - teaser\" width=\"560\" height=\"315\" src=\"https:\/\/www.youtube.com\/embed\/nnQ-sW-2lM8?feature=oembed\" frameborder=\"0\" allow=\"accelerometer; autoplay; clipboard-write; encrypted-media; gyroscope; picture-in-picture; web-share\" referrerpolicy=\"strict-origin-when-cross-origin\" allowfullscreen><\/iframe>\n<\/div><\/figure>\n\n\n\n<h4 class=\"wp-block-heading\">Filmography<\/h4>\n\n\n\n<p>F\u00e1bio Rog\u00e9rio:<br>2025 Vim e Irei como uma Profecia (curta)<br>2025 O Homem do Fluxo (curta &#8211; codir. Jean-Claude Bernardet)<br>2025 Homenagem a Kiarostami (curta &#8211; codir. Jean-Claude Bernardet)<br>2025 Mensagem de Sergipe (curta &#8211; codir. Jean-Claude Bernardet)<br>2024 Performance com U\u00edsque (m\u00e9dia)<br>2024 Este Cinema T\u00e3o Augusta (curta)<br>2024 Lula III Mundo (curta)<br>2024 A \u00daltima Valsa (curta &#8211; codir. Jean-Claude Bernardet)<br>2023 Cama Vazia (curta &#8211; codir. Jean-Claude Bernardet)<br>2023 Cantando no Chuveiro (curta)<br>2023 Bolsonaro Reeleito, Brasil Campea\u0303o e Todo Mundo Feliz (curta)<br>2022 Crep\u00fasculo das Deusas (curta)<br>2022 Eu N\u00e3o Sei Dan\u00e7ar, Mas Dan\u00e7o (curta)<br>2021 Olhos Livres (curta)<br>2019 Nadir (curta)<br>2018 Imp\u00e1vido colosso (curta &#8211; codir. Marcelo Ikeda)<br>2016 O Brado Retumbante (curta &#8211; codir. Marcelo Ikeda)<br>2015 Opera\u00e7\u00e3o Cajueiro: Um Carnaval de Torturas (m\u00e9dia &#8211; codir.<br>Vaneide Dias, Werden Tavares Pinheiro)<br>2013 A Elei\u00e7\u00e3o \u00e9 uma Festa (curta)<br>2008 O Arquivo de Ivan (curta)<\/p>\n\n\n\n<p>Wesley Pereira de Castro:<br>2020 O Futuro \u00e9 um Vazio (curta)<br>2003 O Lugar em que um Homem Mora (curta)<br>2003 Escopo (curta)<br>2002 Jardim das Vulvas (curta)<\/p>\n","protected":false},"excerpt":{"rendered":"<p>Queer.doc15 NOV (S\u00c1B) | 16h45 | Biblioteca M\u00e1rio de Andrade16 NOV (DOM) | 19h00 | IMS Direction: F\u00e1bio Rog\u00e9rio, Wesley Pereira de CastroCountry: Brasil | SEYear:\u00a0 2025Duration: 62 minRating: 18 years\u00a0\u00a0 Depressive. Virginal. Anti-Bolsonaro. Cinephile. Religious. Porn-theorist. Centripetal. Vegetarian. Literature lover. Proto-suicidal. Indiscreet. Team Elenco\/Cast: F\u00e1bio Rog\u00e9rio, Wesley Pereira de CastroFotografia\/Cinematography: F\u00e1bio Rog\u00e9rio, Wesley Pereira [&hellip;]<\/p>\n","protected":false},"author":29,"featured_media":8652,"comment_status":"open","ping_status":"open","sticky":false,"template":"","format":"standard","meta":{"_themeisle_gutenberg_block_has_review":false,"footnotes":""},"categories":[2810,2424],"tags":[997,2432,2153,2388,2428],"class_list":["post-7407","post","type-post","status-publish","format-standard","has-post-thumbnail","hentry","category-cinema-en","category-queer-doc-en","tag-queerdocs-en","tag-brasil-se-en","tag-cinema-en","tag-gay-queer-en","tag-identidade-sexo-en","has-thumbnail"],"_links":{"self":[{"href":"https:\/\/mixbrasil.org.br\/33\/wp-json\/wp\/v2\/posts\/7407","targetHints":{"allow":["GET"]}}],"collection":[{"href":"https:\/\/mixbrasil.org.br\/33\/wp-json\/wp\/v2\/posts"}],"about":[{"href":"https:\/\/mixbrasil.org.br\/33\/wp-json\/wp\/v2\/types\/post"}],"author":[{"embeddable":true,"href":"https:\/\/mixbrasil.org.br\/33\/wp-json\/wp\/v2\/users\/29"}],"replies":[{"embeddable":true,"href":"https:\/\/mixbrasil.org.br\/33\/wp-json\/wp\/v2\/comments?post=7407"}],"version-history":[{"count":2,"href":"https:\/\/mixbrasil.org.br\/33\/wp-json\/wp\/v2\/posts\/7407\/revisions"}],"predecessor-version":[{"id":8653,"href":"https:\/\/mixbrasil.org.br\/33\/wp-json\/wp\/v2\/posts\/7407\/revisions\/8653"}],"wp:featuredmedia":[{"embeddable":true,"href":"https:\/\/mixbrasil.org.br\/33\/wp-json\/wp\/v2\/media\/8652"}],"wp:attachment":[{"href":"https:\/\/mixbrasil.org.br\/33\/wp-json\/wp\/v2\/media?parent=7407"}],"wp:term":[{"taxonomy":"category","embeddable":true,"href":"https:\/\/mixbrasil.org.br\/33\/wp-json\/wp\/v2\/categories?post=7407"},{"taxonomy":"post_tag","embeddable":true,"href":"https:\/\/mixbrasil.org.br\/33\/wp-json\/wp\/v2\/tags?post=7407"}],"curies":[{"name":"wp","href":"https:\/\/api.w.org\/{rel}","templated":true}]}}