{"id":7418,"date":"2025-11-06T18:31:08","date_gmt":"2025-11-06T21:31:08","guid":{"rendered":"https:\/\/mixbrasil.org.br\/33\/la-misteriosa-mirada-del-flamenco-the-mysterious-gaze-of-the-flamingo\/"},"modified":"2025-11-10T13:33:57","modified_gmt":"2025-11-10T16:33:57","slug":"la-misteriosa-mirada-del-flamenco-the-mysterious-gaze-of-the-flamingo","status":"publish","type":"post","link":"https:\/\/mixbrasil.org.br\/33\/en\/mix-eng\/la-misteriosa-mirada-del-flamenco-the-mysterious-gaze-of-the-flamingo\/","title":{"rendered":"La Misteriosa Mirada del Flamenco | The Mysterious Gaze of the Flamingo"},"content":{"rendered":"\n<blockquote class=\"wp-block-quote is-layout-flow wp-block-quote-is-layout-flow\">\n<p>Panorama Internacional<br>15 NOV (S\u00c1B) | 21h00 | Reserva Cultural 3<br>18 NOV (TER) | 21h00 | Reserva Cultural 3<\/p>\n<\/blockquote>\n\n\n\n<p><em><strong>Direction:<\/strong> Diego C\u00e9spedes<\/em><br><em><strong>Countries: <\/strong>Chile, Fran\u00e7a, Alemanha, Espanha, B\u00e9lgica |<br><strong>Year:<\/strong>\u00a0 2025<br><strong>Duration:<\/strong> 104 min<\/em><br><em><strong>Rating: <\/strong>16 years\u00a0<\/em>\u00a0<\/p>\n\n\n\n<p>In the early 1980s, in the Chilean desert, eleven-year-old Lidia grows up in a loving queer family, led by Boa, a strong maternal figure, and Flamingo, who takes care of the girl, on the edge of an unwelcoming, dusty mining town. They are blamed for a mysterious illness that&#8217;s starting to spread &#8211; said to be passed through a single gaze, when one man falls in love with another. The local men decide to control the bodies of the trans women and the situation reaches a point of absurdity.<\/p>\n\n\n\n<h4 class=\"wp-block-heading\">Team<\/h4>\n\n\n\n<p>Elenco\/Cast: Tamara Cort\u00e9s, Mat\u00edas Catal\u00e1n, Paula Dinamarca, Claudia Cabezas, Luis Dub\u00f3<br>Roteiro\/Screenplay: Diego C\u00e9spedes<br>Fotografia\/Cinematography: Angello Faccini<br>Montagem\/Editing: Martial Salomon<br>Som\/Sound: David Ferral, Ingrid Simon, Gilles B\u00e9nardeau<br>M\u00fasica\/Music: Florencia Di Concilio<br>Produ\u00e7\u00e3o\/Production: Giancarlo Nasi, Justin Pechberty, Damien Megherbi<br>Produtora\/Production Company: Quijote Films, Les Valseurs<br>Distribuidora\/Distributor: Imovision<\/p>\n\n\n\n<figure class=\"wp-block-embed is-type-video is-provider-youtube wp-block-embed-youtube wp-embed-aspect-16-9 wp-has-aspect-ratio\"><div class=\"wp-block-embed__wrapper\">\n<iframe loading=\"lazy\" title=\"The Mysterious Gaze of the Flamingo new clip official from Cannes Film Festival 2025\" width=\"560\" height=\"315\" src=\"https:\/\/www.youtube.com\/embed\/I5KyBIeomOw?feature=oembed\" frameborder=\"0\" allow=\"accelerometer; autoplay; clipboard-write; encrypted-media; gyroscope; picture-in-picture; web-share\" referrerpolicy=\"strict-origin-when-cross-origin\" allowfullscreen><\/iframe>\n<\/div><\/figure>\n\n\n\n<h4 class=\"wp-block-heading\">Filmography<\/h4>\n\n\n\n<p>2022 Las Criaturas que se Derriten Bajo el Sol (curta)<br>2018 El Verano del Le\u00f3n El\u00e9ctrico (curta)<\/p>\n","protected":false},"excerpt":{"rendered":"<p>Panorama Internacional15 NOV (S\u00c1B) | 21h00 | Reserva Cultural 318 NOV (TER) | 21h00 | Reserva Cultural 3 Direction: Diego C\u00e9spedesCountries: Chile, Fran\u00e7a, Alemanha, Espanha, B\u00e9lgica |Year:\u00a0 2025Duration: 104 minRating: 16 years\u00a0\u00a0 In the early 1980s, in the Chilean desert, eleven-year-old Lidia grows up in a loving queer family, led by Boa, a strong maternal [&hellip;]<\/p>\n","protected":false},"author":29,"featured_media":8477,"comment_status":"open","ping_status":"open","sticky":false,"template":"","format":"standard","meta":{"_themeisle_gutenberg_block_has_review":false,"footnotes":""},"categories":[2810,2306,1],"tags":[2340,2153,2342,2344],"class_list":["post-7418","post","type-post","status-publish","format-standard","has-post-thumbnail","hentry","category-cinema-en","category-international-panorama","category-mix-eng","tag-chile-franca-alemanha-espanha-belgica-en","tag-cinema-en","tag-gay-trans-lgbtmais-en","tag-romance-familia-politica-en","has-thumbnail"],"_links":{"self":[{"href":"https:\/\/mixbrasil.org.br\/33\/wp-json\/wp\/v2\/posts\/7418","targetHints":{"allow":["GET"]}}],"collection":[{"href":"https:\/\/mixbrasil.org.br\/33\/wp-json\/wp\/v2\/posts"}],"about":[{"href":"https:\/\/mixbrasil.org.br\/33\/wp-json\/wp\/v2\/types\/post"}],"author":[{"embeddable":true,"href":"https:\/\/mixbrasil.org.br\/33\/wp-json\/wp\/v2\/users\/29"}],"replies":[{"embeddable":true,"href":"https:\/\/mixbrasil.org.br\/33\/wp-json\/wp\/v2\/comments?post=7418"}],"version-history":[{"count":2,"href":"https:\/\/mixbrasil.org.br\/33\/wp-json\/wp\/v2\/posts\/7418\/revisions"}],"predecessor-version":[{"id":8479,"href":"https:\/\/mixbrasil.org.br\/33\/wp-json\/wp\/v2\/posts\/7418\/revisions\/8479"}],"wp:featuredmedia":[{"embeddable":true,"href":"https:\/\/mixbrasil.org.br\/33\/wp-json\/wp\/v2\/media\/8477"}],"wp:attachment":[{"href":"https:\/\/mixbrasil.org.br\/33\/wp-json\/wp\/v2\/media?parent=7418"}],"wp:term":[{"taxonomy":"category","embeddable":true,"href":"https:\/\/mixbrasil.org.br\/33\/wp-json\/wp\/v2\/categories?post=7418"},{"taxonomy":"post_tag","embeddable":true,"href":"https:\/\/mixbrasil.org.br\/33\/wp-json\/wp\/v2\/tags?post=7418"}],"curies":[{"name":"wp","href":"https:\/\/api.w.org\/{rel}","templated":true}]}}