{"id":279,"date":"2022-10-27T23:53:38","date_gmt":"2022-10-28T02:53:38","guid":{"rendered":"https:\/\/mixbrasil.org.br\/9\/?p=279"},"modified":"2022-10-27T23:53:38","modified_gmt":"2022-10-28T02:53:38","slug":"west-fickt-ost","status":"publish","type":"post","link":"https:\/\/mixbrasil.org.br\/9\/2022\/10\/27\/west-fickt-ost\/","title":{"rendered":"West Fickt Ost"},"content":{"rendered":"<p>(J\u00fcrgen Br\u00fcning, 2001, Alemanha, V\u00eddeo, 60 min)<\/p>\n<p>O filme tra\u00e7a um paralelo entre a vida de tr\u00eas lindos jovens em Berlim e as mudan\u00e7as sociais e pol\u00edticas que aconteceram recentemente. Cyrus, Erik e Tim representam gays com um c\u00e9rebro para pensar e um pau para foder.<\/p>\n","protected":false},"excerpt":{"rendered":"<p>(J\u00fcrgen Br\u00fcning, 2001, Alemanha, V\u00eddeo, 60 min) O filme tra\u00e7a um paralelo entre a vida de tr\u00eas lindos jovens em Berlim e as mudan\u00e7as sociais e pol\u00edticas que aconteceram recentemente. Cyrus, Erik e Tim representam gays com um c\u00e9rebro para pensar e um pau para foder.<\/p>\n","protected":false},"author":13,"featured_media":280,"comment_status":"open","ping_status":"closed","sticky":false,"template":"","format":"standard","meta":{"footnotes":""},"categories":[14],"tags":[],"class_list":{"0":"post-279","1":"post","2":"type-post","3":"status-publish","4":"format-standard","5":"has-post-thumbnail","7":"category-proibido-para-menores"},"_links":{"self":[{"href":"https:\/\/mixbrasil.org.br\/9\/wp-json\/wp\/v2\/posts\/279","targetHints":{"allow":["GET"]}}],"collection":[{"href":"https:\/\/mixbrasil.org.br\/9\/wp-json\/wp\/v2\/posts"}],"about":[{"href":"https:\/\/mixbrasil.org.br\/9\/wp-json\/wp\/v2\/types\/post"}],"author":[{"embeddable":true,"href":"https:\/\/mixbrasil.org.br\/9\/wp-json\/wp\/v2\/users\/13"}],"replies":[{"embeddable":true,"href":"https:\/\/mixbrasil.org.br\/9\/wp-json\/wp\/v2\/comments?post=279"}],"version-history":[{"count":0,"href":"https:\/\/mixbrasil.org.br\/9\/wp-json\/wp\/v2\/posts\/279\/revisions"}],"wp:featuredmedia":[{"embeddable":true,"href":"https:\/\/mixbrasil.org.br\/9\/wp-json\/wp\/v2\/media\/280"}],"wp:attachment":[{"href":"https:\/\/mixbrasil.org.br\/9\/wp-json\/wp\/v2\/media?parent=279"}],"wp:term":[{"taxonomy":"category","embeddable":true,"href":"https:\/\/mixbrasil.org.br\/9\/wp-json\/wp\/v2\/categories?post=279"},{"taxonomy":"post_tag","embeddable":true,"href":"https:\/\/mixbrasil.org.br\/9\/wp-json\/wp\/v2\/tags?post=279"}],"curies":[{"name":"wp","href":"https:\/\/api.w.org\/{rel}","templated":true}]}}